{"id":9144,"date":"2025-10-21T11:34:16","date_gmt":"2025-10-21T10:34:16","guid":{"rendered":"https:\/\/burscheid-sonnenblume.de\/?p=9144"},"modified":"2025-10-21T11:34:18","modified_gmt":"2025-10-21T10:34:18","slug":"wandbemalung-aus-alt-mach-schoen","status":"publish","type":"post","link":"https:\/\/burscheid-sonnenblume.de\/?p=9144","title":{"rendered":"Wandbemalung \u201eAus alt mach sch\u00f6n\u201c"},"content":{"rendered":"<h5><span style=\"color: #6b8e23;\">Bemalung der St\u00fctzmauer an der Witzheldener Str.<\/span><\/h5>\n<p>Schon lange spielen wir als Kindertagesst\u00e4tte mit dem Gedanken, eine Wand mit L-Steinen, die das Au\u00dfengel\u00e4nde unserer Einrichtung zur Witzheldener Stra\u00dfe in Burscheid Hilgen abgrenzt, professionell bemalen zu lassen. Doch so eine Bemalung hat ihren Preis, und bisher fehlte uns das Budget hierf\u00fcr.<\/p>\n<p>Diese Au\u00dfenwand pr\u00e4sentiert sich derzeit grau und trist, und unsere Idee ist es, diese Wand zu einem bunten und fr\u00f6hlich machenden Hingucker umzugestalten.<\/p>\n<p>Die Witzheldener Stra\u00dfe ist die zweit befahrenste Stra\u00dfe in Burscheid-Hilgen, so dass eine bunte und zu uns passende Wand nicht nur die Kinder und Mitarbeiter*innen sehr erfreuen, sondern ebenso viele Passanten und Autofahrer ansprechen w\u00fcrde.<\/p>\n<p>Wir als Kita Sonnenblume m\u00f6gen es bunt und vielf\u00e4ltig, wir lieben das Positive, die Diversit\u00e4t und alles Mutmachende. Eine bunt bemalte Wand mit sch\u00f6nen gut ausgew\u00e4hlten Motiven passt perfekt zu unserem Konzept, unser Leitbild und unsere p\u00e4dagogische Arbeit.<\/p>\n<p>Da uns die <strong>Partizipation der Kinder<\/strong> wichtig ist, m\u00f6chten wir, dass die Ideen und W\u00fcnsche der Kinder bei der Auswahl der Motive auf dieser Wand mit einbezogen werden. M\u00f6gliche Motive k\u00f6nnen sein: Kinder, ein Regenbogen, eine Friedenstaube usw. In einem internen Projekt werden wir dieses Thema gemeinsam mit den Kindern behandeln und ihre Inspirationen sammeln und mit als Grundlage f\u00fcr die Gestaltung der Wand nehmen.<\/p>\n<p>Durch den Gewinn des Video-Wettbewerbs haben wir als Kita Sonnenblume f\u00fcr den 2. Platz ein Preisgeld in H\u00f6he von 2.000 EUR erhalten, welches in die Umsetzung der Wandbemalung flie\u00dfen soll. Die \u00fcbrigen 1.500 EUR haben wir dank gro\u00dfz\u00fcgiger Spende von Elternseite sowie durch Einnahmen aus unserem Kinderrechte-Fest gespendet bekommen.<\/p>\n<p>Nachdem wir nun die komplette Summe f\u00fcr die Bemalung zusammen haben, wird demn\u00e4chst ein professioneller Graffiti-K\u00fcnstler engagiert, der die Wandbemalung nach unseren Vorstellungen inkl. der Ideen der Sonnenblumen-Kinder \u00fcbernehmen wird.<\/p>\n\n\n<hr class=\"wp-block-separator has-alpha-channel-opacity\"\/>\n\n\n\n<div class=\"wp-block-columns is-layout-flex wp-container-core-columns-is-layout-1 wp-block-columns-is-layout-flex\">\n<div class=\"wp-block-column is-layout-flow wp-block-column-is-layout-flow\">\n<figure class=\"wp-block-image size-full\"><img loading=\"lazy\" decoding=\"async\" width=\"800\" height=\"450\" src=\"https:\/\/burscheid-sonnenblume.de\/wp-content\/uploads\/2025\/10\/Wandbemalung-1.jpg\" alt=\"\" class=\"wp-image-9145\" srcset=\"https:\/\/burscheid-sonnenblume.de\/wp-content\/uploads\/2025\/10\/Wandbemalung-1.jpg 800w, https:\/\/burscheid-sonnenblume.de\/wp-content\/uploads\/2025\/10\/Wandbemalung-1-300x169.jpg 300w, https:\/\/burscheid-sonnenblume.de\/wp-content\/uploads\/2025\/10\/Wandbemalung-1-768x432.jpg 768w\" sizes=\"auto, (max-width: 800px) 100vw, 800px\" \/><\/figure>\n<\/div>\n\n\n\n<div class=\"wp-block-column is-layout-flow wp-block-column-is-layout-flow\">\n<figure class=\"wp-block-image size-full\"><img loading=\"lazy\" decoding=\"async\" width=\"800\" height=\"450\" src=\"https:\/\/burscheid-sonnenblume.de\/wp-content\/uploads\/2025\/10\/Wandbemalung-2.jpg\" alt=\"\" class=\"wp-image-9146\" srcset=\"https:\/\/burscheid-sonnenblume.de\/wp-content\/uploads\/2025\/10\/Wandbemalung-2.jpg 800w, https:\/\/burscheid-sonnenblume.de\/wp-content\/uploads\/2025\/10\/Wandbemalung-2-300x169.jpg 300w, https:\/\/burscheid-sonnenblume.de\/wp-content\/uploads\/2025\/10\/Wandbemalung-2-768x432.jpg 768w\" sizes=\"auto, (max-width: 800px) 100vw, 800px\" \/><\/figure>\n<\/div>\n<\/div>\n\n\n\n<p><\/p>\n","protected":false},"excerpt":{"rendered":"<p>Bemalung der St\u00fctzmauer an der Witzheldener Str. Schon lange spielen wir als Kindertagesst\u00e4tte mit dem Gedanken, eine Wand mit L-Steinen, die das Au\u00dfengel\u00e4nde unserer Einrichtung zur Witzheldener Stra\u00dfe in Burscheid Hilgen abgrenzt, professionell bemalen zu lassen. Doch so eine Bemalung<\/p>\n","protected":false},"author":1,"featured_media":9145,"comment_status":"closed","ping_status":"closed","sticky":false,"template":"","format":"standard","meta":{"footnotes":""},"categories":[1],"tags":[],"class_list":["post-9144","post","type-post","status-publish","format-standard","has-post-thumbnail","hentry","category-uncategorized"],"_links":{"self":[{"href":"https:\/\/burscheid-sonnenblume.de\/index.php?rest_route=\/wp\/v2\/posts\/9144","targetHints":{"allow":["GET"]}}],"collection":[{"href":"https:\/\/burscheid-sonnenblume.de\/index.php?rest_route=\/wp\/v2\/posts"}],"about":[{"href":"https:\/\/burscheid-sonnenblume.de\/index.php?rest_route=\/wp\/v2\/types\/post"}],"author":[{"embeddable":true,"href":"https:\/\/burscheid-sonnenblume.de\/index.php?rest_route=\/wp\/v2\/users\/1"}],"replies":[{"embeddable":true,"href":"https:\/\/burscheid-sonnenblume.de\/index.php?rest_route=%2Fwp%2Fv2%2Fcomments&post=9144"}],"version-history":[{"count":1,"href":"https:\/\/burscheid-sonnenblume.de\/index.php?rest_route=\/wp\/v2\/posts\/9144\/revisions"}],"predecessor-version":[{"id":9147,"href":"https:\/\/burscheid-sonnenblume.de\/index.php?rest_route=\/wp\/v2\/posts\/9144\/revisions\/9147"}],"wp:featuredmedia":[{"embeddable":true,"href":"https:\/\/burscheid-sonnenblume.de\/index.php?rest_route=\/wp\/v2\/media\/9145"}],"wp:attachment":[{"href":"https:\/\/burscheid-sonnenblume.de\/index.php?rest_route=%2Fwp%2Fv2%2Fmedia&parent=9144"}],"wp:term":[{"taxonomy":"category","embeddable":true,"href":"https:\/\/burscheid-sonnenblume.de\/index.php?rest_route=%2Fwp%2Fv2%2Fcategories&post=9144"},{"taxonomy":"post_tag","embeddable":true,"href":"https:\/\/burscheid-sonnenblume.de\/index.php?rest_route=%2Fwp%2Fv2%2Ftags&post=9144"}],"curies":[{"name":"wp","href":"https:\/\/api.w.org\/{rel}","templated":true}]}}