{"id":8702,"date":"2024-07-01T14:49:35","date_gmt":"2024-07-01T13:49:35","guid":{"rendered":"https:\/\/burscheid-sonnenblume.de\/?p=8702"},"modified":"2024-07-05T13:21:55","modified_gmt":"2024-07-05T12:21:55","slug":"podcast-zum-offenen-buecherschrank-der-sonnenblume","status":"publish","type":"post","link":"https:\/\/burscheid-sonnenblume.de\/?p=8702","title":{"rendered":"Podcast zum offenen B\u00fccherschrank der Sonnenblume"},"content":{"rendered":"<h5><span style=\"color: #6b8e23;\">\u00d6ffentliches Kinderb\u00fccherregal in Burscheid-Hilgen auf dem Vorplatz der Liebfrauenkirche<\/span><\/h5>\n<p><img loading=\"lazy\" decoding=\"async\" class=\" wp-image-8704 alignleft\" src=\"https:\/\/burscheid-sonnenblume.de\/wp-content\/uploads\/2024\/07\/Podcast.jpg\" alt=\"\" width=\"190\" height=\"188\" \/>Heute freuen wir uns, auf diesen gut 2-min\u00fctigen Podcast hinzuweisen.<\/p>\n<p>\u201eNachschlag\u201c \u2013 der christliche Podcast aus dem Bergischen ist eine Produktion des katholischen Bildungswerkes im Rheinisch-Bergischen-Kreis und war durch die Presse und unserern Caritas-Verband auf unser <a href=\"_wp_link_placeholder\" data-wplink-edit=\"true\">\u00f6ffentliches Kinderb\u00fccherregal<\/a> aufmerksam geworden. Kinder und Mitarbeiter*innen wurden von einem RadioBerg-Moderator interviewt und zu dem Nutzen dieses Regals befragt.<\/p>\n<p>Es steht au\u00dfer Frage, dass die M\u00f6glichkeit, sich kostenlos B\u00fccher auszuleihen und B\u00fccher \u00fcber dieses Regal auszutauschen, f\u00fcr alle ein gro\u00dfer Gewinn ist. Denn ganz zentral in Burscheid Hilgen neben der Liebfrauenkirche ist das ehemalige Pf\u00f6rtnerh\u00e4uschen mit einer Menge Kinderb\u00fcchern f\u00fcr jede und jeden zug\u00e4nglich. Kinder sollen zum Lesen animiert werden, und Eltern k\u00f6nnen Abwechslung in die Lesezeit mit ihren Kindern bringen, ohne das Portemonnaie zu belasten.<\/p>\n<p>Wochentags von 08:00 bis 16:00 Uhr steht das B\u00fccherregal jedem Lesebegeisterten zur Verf\u00fcgung. Auch Kinderb\u00fccherspenden sind jederzeit willkommen.<\/p>\n<p>An dieser Stelle nochmals ein herzliches Dankesch\u00f6n an das Katholische Bildungswerk f\u00fcr die Ver\u00f6ffentlichung des Podcasts.<\/p>\n<p><a href=\"http:\/\/www.bildungswerk-gladbach.de\">www.bildungswerk-gladbach.de<\/a><\/p>\n<p>Wir w\u00fcnschen allen Nutzerinnen und Nutzern viel Freude beim St\u00f6bern, Lesen und Weitergeben!<\/p>\n\n\n<hr class=\"wp-block-separator has-alpha-channel-opacity\"\/>\n\n\n\n<figure class=\"wp-block-audio\"><audio controls src=\"https:\/\/burscheid-sonnenblume.de\/wp-content\/uploads\/2024\/07\/1500321-m-28c6a4386fb2d9d2db83ce395e604af8.mp3\"><\/audio><figcaption class=\"wp-element-caption\">Hier finden Sie den 2 Minuten Beitrag zum offenen B\u00fccherschrank<\/figcaption><\/figure>\n","protected":false},"excerpt":{"rendered":"<p>\u00d6ffentliches Kinderb\u00fccherregal in Burscheid-Hilgen auf dem Vorplatz der Liebfrauenkirche Heute freuen wir uns, auf diesen gut 2-min\u00fctigen Podcast hinzuweisen. \u201eNachschlag\u201c \u2013 der christliche Podcast aus dem Bergischen ist eine Produktion des katholischen Bildungswerkes im Rheinisch-Bergischen-Kreis und war durch die Presse<\/p>\n","protected":false},"author":1,"featured_media":8721,"comment_status":"closed","ping_status":"closed","sticky":false,"template":"","format":"standard","meta":{"footnotes":""},"categories":[1],"tags":[],"class_list":["post-8702","post","type-post","status-publish","format-standard","has-post-thumbnail","hentry","category-uncategorized"],"_links":{"self":[{"href":"https:\/\/burscheid-sonnenblume.de\/index.php?rest_route=\/wp\/v2\/posts\/8702","targetHints":{"allow":["GET"]}}],"collection":[{"href":"https:\/\/burscheid-sonnenblume.de\/index.php?rest_route=\/wp\/v2\/posts"}],"about":[{"href":"https:\/\/burscheid-sonnenblume.de\/index.php?rest_route=\/wp\/v2\/types\/post"}],"author":[{"embeddable":true,"href":"https:\/\/burscheid-sonnenblume.de\/index.php?rest_route=\/wp\/v2\/users\/1"}],"replies":[{"embeddable":true,"href":"https:\/\/burscheid-sonnenblume.de\/index.php?rest_route=%2Fwp%2Fv2%2Fcomments&post=8702"}],"version-history":[{"count":3,"href":"https:\/\/burscheid-sonnenblume.de\/index.php?rest_route=\/wp\/v2\/posts\/8702\/revisions"}],"predecessor-version":[{"id":8725,"href":"https:\/\/burscheid-sonnenblume.de\/index.php?rest_route=\/wp\/v2\/posts\/8702\/revisions\/8725"}],"wp:featuredmedia":[{"embeddable":true,"href":"https:\/\/burscheid-sonnenblume.de\/index.php?rest_route=\/wp\/v2\/media\/8721"}],"wp:attachment":[{"href":"https:\/\/burscheid-sonnenblume.de\/index.php?rest_route=%2Fwp%2Fv2%2Fmedia&parent=8702"}],"wp:term":[{"taxonomy":"category","embeddable":true,"href":"https:\/\/burscheid-sonnenblume.de\/index.php?rest_route=%2Fwp%2Fv2%2Fcategories&post=8702"},{"taxonomy":"post_tag","embeddable":true,"href":"https:\/\/burscheid-sonnenblume.de\/index.php?rest_route=%2Fwp%2Fv2%2Ftags&post=8702"}],"curies":[{"name":"wp","href":"https:\/\/api.w.org\/{rel}","templated":true}]}}