{"id":8559,"date":"2024-04-26T15:12:11","date_gmt":"2024-04-26T14:12:11","guid":{"rendered":"https:\/\/burscheid-sonnenblume.de\/?p=8559"},"modified":"2024-04-26T15:12:12","modified_gmt":"2024-04-26T14:12:12","slug":"unser-beitrag-zum-mal-und-bastelwettbewerb-der-umweltwoche-2024","status":"publish","type":"post","link":"https:\/\/burscheid-sonnenblume.de\/?p=8559","title":{"rendered":"Unser Beitrag zum Mal- und Bastelwettbewerb der Umweltwoche 2024"},"content":{"rendered":"<h5>Wie k\u00f6nnen wir unsere Umweltsch\u00fctzen?, Was ist f\u00fcr uns Sch\u00f6pfungsverantwortung?,\u00a0Wie gestaltet sich ein sozial-\u00f6kologischer Wandel?,\u00a0Wie k\u00f6nnen wir Kindern unsere Freude an der Sch\u00f6pfung vermitteln und diese gemeinsam sch\u00fctzen?<\/h5>\n<p><img loading=\"lazy\" decoding=\"async\" class=\" wp-image-8551 alignleft\" src=\"https:\/\/burscheid-sonnenblume.de\/wp-content\/uploads\/2024\/04\/Bild-Umweltwoche-1.jpg\" sizes=\"auto, (max-width: 399px) 100vw, 399px\" srcset=\"https:\/\/burscheid-sonnenblume.de\/wp-content\/uploads\/2024\/04\/Bild-Umweltwoche-1.jpg 800w, https:\/\/burscheid-sonnenblume.de\/wp-content\/uploads\/2024\/04\/Bild-Umweltwoche-1-300x225.jpg 300w, https:\/\/burscheid-sonnenblume.de\/wp-content\/uploads\/2024\/04\/Bild-Umweltwoche-1-768x576.jpg 768w\" alt=\"\" width=\"399\" height=\"299\" \/>Diese Fragen besch\u00e4ftigen uns nicht nur bei der j\u00e4hrlich stattfindenden\u00a0<a href=\"https:\/\/www.burscheid.de\/klima-umwelt\/umweltschutz\/burscheider-umweltwoche\">Umweltwoche der Stadt Burscheid<\/a>\u00a0\u2013 sondern das ganze Kindergartenjahr.<br \/>\nUnser Planet Erde mit seiner ganzen herrlichen Sch\u00f6pfung, den Menschen, den Tieren, den Pflanzen, der atemberaubenden Natur und allen perfekt aufeinander abgestimmten Prozessen ist sehr gut! Und die Erde ist nicht nur sehr gut, sondern ist f\u00fcr uns Menschen und allen bekannten Lebewesen die Lebensgrundlage, der Ursprungsort und unsere Heimat \u2013 ein Geschenk Gottes.<\/p>\n<p>Beim diesj\u00e4hrigen Mal- und Bastelwettbewerb zum Thema: \u201eKleine Landschaftsarchitekten \u2013 Wie stellt Ihr Euch den f\u00fcr Pflanzen und Tiere idealen (Vor-)Garten vor?\u201c, wussten die Kinder aus der Sonnenblume ganz genau, wie solch ein idealer Garten aussehen m\u00fcsste. Das fertige Kunstwerk, steht aktuell im Burscheider Rathaus aus.<\/p>\n<p><a href=\"https:\/\/burscheid-sonnenblume.de\/?page_id=8550\">Weitere Fotos und den kompletten Beitrag finden Sie HIER&#8230;<\/a><\/p>\n","protected":false},"excerpt":{"rendered":"<p>Wie k\u00f6nnen wir unsere Umweltsch\u00fctzen?, Was ist f\u00fcr uns Sch\u00f6pfungsverantwortung?,\u00a0Wie gestaltet sich ein sozial-\u00f6kologischer Wandel?,\u00a0Wie k\u00f6nnen wir Kindern unsere Freude an der Sch\u00f6pfung vermitteln und diese gemeinsam sch\u00fctzen? Diese Fragen besch\u00e4ftigen uns nicht nur bei der j\u00e4hrlich stattfindenden\u00a0Umweltwoche der Stadt<\/p>\n","protected":false},"author":1,"featured_media":8551,"comment_status":"closed","ping_status":"closed","sticky":false,"template":"","format":"standard","meta":{"footnotes":""},"categories":[1],"tags":[],"class_list":["post-8559","post","type-post","status-publish","format-standard","has-post-thumbnail","hentry","category-uncategorized"],"_links":{"self":[{"href":"https:\/\/burscheid-sonnenblume.de\/index.php?rest_route=\/wp\/v2\/posts\/8559","targetHints":{"allow":["GET"]}}],"collection":[{"href":"https:\/\/burscheid-sonnenblume.de\/index.php?rest_route=\/wp\/v2\/posts"}],"about":[{"href":"https:\/\/burscheid-sonnenblume.de\/index.php?rest_route=\/wp\/v2\/types\/post"}],"author":[{"embeddable":true,"href":"https:\/\/burscheid-sonnenblume.de\/index.php?rest_route=\/wp\/v2\/users\/1"}],"replies":[{"embeddable":true,"href":"https:\/\/burscheid-sonnenblume.de\/index.php?rest_route=%2Fwp%2Fv2%2Fcomments&post=8559"}],"version-history":[{"count":1,"href":"https:\/\/burscheid-sonnenblume.de\/index.php?rest_route=\/wp\/v2\/posts\/8559\/revisions"}],"predecessor-version":[{"id":8560,"href":"https:\/\/burscheid-sonnenblume.de\/index.php?rest_route=\/wp\/v2\/posts\/8559\/revisions\/8560"}],"wp:featuredmedia":[{"embeddable":true,"href":"https:\/\/burscheid-sonnenblume.de\/index.php?rest_route=\/wp\/v2\/media\/8551"}],"wp:attachment":[{"href":"https:\/\/burscheid-sonnenblume.de\/index.php?rest_route=%2Fwp%2Fv2%2Fmedia&parent=8559"}],"wp:term":[{"taxonomy":"category","embeddable":true,"href":"https:\/\/burscheid-sonnenblume.de\/index.php?rest_route=%2Fwp%2Fv2%2Fcategories&post=8559"},{"taxonomy":"post_tag","embeddable":true,"href":"https:\/\/burscheid-sonnenblume.de\/index.php?rest_route=%2Fwp%2Fv2%2Ftags&post=8559"}],"curies":[{"name":"wp","href":"https:\/\/api.w.org\/{rel}","templated":true}]}}