{"id":8507,"date":"2024-04-11T10:35:32","date_gmt":"2024-04-11T09:35:32","guid":{"rendered":"https:\/\/burscheid-sonnenblume.de\/?p=8507"},"modified":"2024-04-11T10:57:32","modified_gmt":"2024-04-11T09:57:32","slug":"video-dankeschoen-an-die-leader-bergisches-wasserland-aktionskisten","status":"publish","type":"post","link":"https:\/\/burscheid-sonnenblume.de\/?p=8507","title":{"rendered":"Video \u201eDankesch\u00f6n\u201c an die LEADER Bergisches Wasserland &#8211; Aktionskisten"},"content":{"rendered":"<h5 style=\"text-align: center;\"><span style=\"color: #6b8e23;\">Ein herzliches \u201eDankesch\u00f6n\u201c an LEADER Bergisches Wasserland f\u00fcr unsere &#8220;Aktionskisten&#8221;<\/span><\/h5>\n\n\n<figure class=\"wp-block-video\"><video controls src=\"https:\/\/burscheid-sonnenblume.de\/wp-content\/uploads\/2024\/04\/Film-Aktionskisten-m540p.mp4\"><\/video><figcaption class=\"wp-element-caption\">DANKE an die LEADER Stiftung Bergisches Wasserland<\/figcaption><\/figure>\n\n\n\n<hr class=\"wp-block-separator has-alpha-channel-opacity\"\/>\n\n\n<h5><span style=\"color: #6b8e23;\">Ein gro\u00dfes DANKESCH\u00d6N an LEADER Bergisches Wasserland f\u00fcr die Finanzierung unserer \u201eAktionskisten\u201c<\/span><\/h5>\n<p><img loading=\"lazy\" decoding=\"async\" class=\" wp-image-8444 alignleft\" src=\"https:\/\/burscheid-sonnenblume.de\/wp-content\/uploads\/2024\/04\/Aktionskisten-Banner.jpg\" alt=\"\" width=\"375\" height=\"150\" srcset=\"https:\/\/burscheid-sonnenblume.de\/wp-content\/uploads\/2024\/04\/Aktionskisten-Banner.jpg 650w, https:\/\/burscheid-sonnenblume.de\/wp-content\/uploads\/2024\/04\/Aktionskisten-Banner-300x120.jpg 300w\" sizes=\"auto, (max-width: 375px) 100vw, 375px\" \/>In den letzten beiden Jahren wurden wir vom Verein <a href=\"https:\/\/www.leader-bergisches-wasserland.de\/startseite\/\">LEADER Bergisches Wasserland<\/a> mit sehr gro\u00dfz\u00fcgigen Spenden bedacht. Unsere zwei Lastenr\u00e4der, die gr\u00f6\u00dftenteils von LEADER finanziert wurden, erfreuen schon l\u00e4nger viele Familien auf ihren Ausfl\u00fcgen. Nun sind \u00fcber ein weiteres F\u00f6rderprojekt unsere facettenreichen \u201eAktionskisten\u201c hinzugekommen, die ebenfalls rege durch Burscheid wandern und Abwechslung f\u00fcr Familien bringen sollen.<\/p>\n<p>30 unterschiedliche Kisten konnten wir dank LEADER Bergisches Wasserland kreativ und vielseitig best\u00fccken und f\u00fcr alle Entleiher interessant gestalten. Die Kosten f\u00fcr B\u00fccher, Spiele, Bastelmaterial, Technik und Vieles mehr wurden auch jetzt wieder gr\u00f6\u00dftenteils vom Verein \u00fcbernommen. Vor allem LEADER haben wir zu verdanken, dass diese Idee der Aktionskisten \u00fcberhaupt realisiert werden konnte.<\/p>\n<p>Wir sind sicher, dass die Kisten gut ankommen und ordentlich in Gebrauch sein werden. F\u00fcr hiesige Familien und weitere Interessenten aus Burscheid ergibt sich unserer Meinung nach ein gro\u00dfer Mehrwert.<\/p>\n<p>Nun bleibt uns nur noch, \u201eauf diese spannenden Kisten aufmerksam zu machen\u201c und nochmals von Herzen f\u00fcr die M\u00f6glichkeit der Umsetzung dieses wunderbaren Projektes zu danken. Alle Informationen und den Buchungskalender zu unseren &#8220;Aktionskisten&#8221; finden Sie <a href=\"https:\/\/burscheid-sonnenblume.de\/?page_id=8187\">HIER &#8211; auf unserer Homepage.<\/a><\/p>\n<p>Wir wissen die Unterst\u00fctzung durch LEADER sehr zu sch\u00e4tzen und bedanken uns abschlie\u00dfend ganz herzlich im Namen des ganzen Teams, der Familien und allen Nutzern f\u00fcr die uns zugeteilte F\u00f6rderung.<\/p>\n<p>Und bitte erz\u00e4hlen Sie auch gern von den Aktionskisten weiter!<\/p>\n\n\n<hr class=\"wp-block-separator has-css-opacity\"\/>\n\n\n\n<hr class=\"wp-block-separator has-css-opacity\"\/>\n\n\n\n<div class=\"wp-block-columns is-layout-flex wp-container-core-columns-is-layout-1 wp-block-columns-is-layout-flex\">\n<div class=\"wp-block-column is-layout-flow wp-block-column-is-layout-flow\">\n<figure class=\"wp-block-image size-full\"><img loading=\"lazy\" decoding=\"async\" width=\"761\" height=\"757\" src=\"https:\/\/burscheid-sonnenblume.de\/wp-content\/uploads\/2022\/09\/Logos-alle.jpg\" alt=\"\" class=\"wp-image-7059\" srcset=\"https:\/\/burscheid-sonnenblume.de\/wp-content\/uploads\/2022\/09\/Logos-alle.jpg 761w, https:\/\/burscheid-sonnenblume.de\/wp-content\/uploads\/2022\/09\/Logos-alle-300x298.jpg 300w, https:\/\/burscheid-sonnenblume.de\/wp-content\/uploads\/2022\/09\/Logos-alle-150x150.jpg 150w, https:\/\/burscheid-sonnenblume.de\/wp-content\/uploads\/2022\/09\/Logos-alle-230x230.jpg 230w\" sizes=\"auto, (max-width: 761px) 100vw, 761px\" \/><\/figure>\n<\/div>\n\n\n\n<div class=\"wp-block-column is-layout-flow wp-block-column-is-layout-flow\">\n<figure class=\"wp-block-embed is-type-video is-provider-youtube wp-block-embed-youtube wp-embed-aspect-16-9 wp-has-aspect-ratio\"><div class=\"wp-block-embed__wrapper\">\n<iframe loading=\"lazy\" title=\"Kurzvorstellung LEADER Bergisches Wasserland\" width=\"710\" height=\"399\" src=\"https:\/\/www.youtube.com\/embed\/K9HZbKpkqcM?feature=oembed\" frameborder=\"0\" allow=\"accelerometer; autoplay; clipboard-write; encrypted-media; gyroscope; picture-in-picture; web-share\" referrerpolicy=\"strict-origin-when-cross-origin\" allowfullscreen><\/iframe>\n<\/div><figcaption class=\"wp-element-caption\">YouTube Link &#8211; Kurzvorstellung LEADER Bergisches Wasserland<\/figcaption><\/figure>\n\n\n\n<figure class=\"wp-block-embed is-type-video is-provider-youtube wp-block-embed-youtube wp-embed-aspect-16-9 wp-has-aspect-ratio\"><div class=\"wp-block-embed__wrapper\">\n<iframe loading=\"lazy\" title=\"Was ist LEADER?\" width=\"710\" height=\"399\" src=\"https:\/\/www.youtube.com\/embed\/LPqvIZJOROs?feature=oembed\" frameborder=\"0\" allow=\"accelerometer; autoplay; clipboard-write; encrypted-media; gyroscope; picture-in-picture; web-share\" referrerpolicy=\"strict-origin-when-cross-origin\" allowfullscreen><\/iframe>\n<\/div><figcaption class=\"wp-element-caption\"> YouTube Link &#8211; Was ist LEADER?<\/figcaption><\/figure>\n<\/div>\n<\/div>\n","protected":false},"excerpt":{"rendered":"<p>Ein herzliches \u201eDankesch\u00f6n\u201c an LEADER Bergisches Wasserland f\u00fcr unsere &#8220;Aktionskisten&#8221; Ein gro\u00dfes DANKESCH\u00d6N an LEADER Bergisches Wasserland f\u00fcr die Finanzierung unserer \u201eAktionskisten\u201c In den letzten beiden Jahren wurden wir vom Verein LEADER Bergisches Wasserland mit sehr gro\u00dfz\u00fcgigen Spenden bedacht. Unsere<\/p>\n","protected":false},"author":1,"featured_media":8495,"comment_status":"closed","ping_status":"closed","sticky":false,"template":"","format":"standard","meta":{"footnotes":""},"categories":[1],"tags":[],"class_list":["post-8507","post","type-post","status-publish","format-standard","has-post-thumbnail","hentry","category-uncategorized"],"_links":{"self":[{"href":"https:\/\/burscheid-sonnenblume.de\/index.php?rest_route=\/wp\/v2\/posts\/8507","targetHints":{"allow":["GET"]}}],"collection":[{"href":"https:\/\/burscheid-sonnenblume.de\/index.php?rest_route=\/wp\/v2\/posts"}],"about":[{"href":"https:\/\/burscheid-sonnenblume.de\/index.php?rest_route=\/wp\/v2\/types\/post"}],"author":[{"embeddable":true,"href":"https:\/\/burscheid-sonnenblume.de\/index.php?rest_route=\/wp\/v2\/users\/1"}],"replies":[{"embeddable":true,"href":"https:\/\/burscheid-sonnenblume.de\/index.php?rest_route=%2Fwp%2Fv2%2Fcomments&post=8507"}],"version-history":[{"count":5,"href":"https:\/\/burscheid-sonnenblume.de\/index.php?rest_route=\/wp\/v2\/posts\/8507\/revisions"}],"predecessor-version":[{"id":8514,"href":"https:\/\/burscheid-sonnenblume.de\/index.php?rest_route=\/wp\/v2\/posts\/8507\/revisions\/8514"}],"wp:featuredmedia":[{"embeddable":true,"href":"https:\/\/burscheid-sonnenblume.de\/index.php?rest_route=\/wp\/v2\/media\/8495"}],"wp:attachment":[{"href":"https:\/\/burscheid-sonnenblume.de\/index.php?rest_route=%2Fwp%2Fv2%2Fmedia&parent=8507"}],"wp:term":[{"taxonomy":"category","embeddable":true,"href":"https:\/\/burscheid-sonnenblume.de\/index.php?rest_route=%2Fwp%2Fv2%2Fcategories&post=8507"},{"taxonomy":"post_tag","embeddable":true,"href":"https:\/\/burscheid-sonnenblume.de\/index.php?rest_route=%2Fwp%2Fv2%2Ftags&post=8507"}],"curies":[{"name":"wp","href":"https:\/\/api.w.org\/{rel}","templated":true}]}}