{"id":8038,"date":"2023-11-28T10:41:13","date_gmt":"2023-11-28T09:41:13","guid":{"rendered":"https:\/\/burscheid-sonnenblume.de\/?p=8038"},"modified":"2023-11-28T17:12:40","modified_gmt":"2023-11-28T16:12:40","slug":"wir-sonnenblume-war-dabei-bildungsnetzwerk-des-rbk","status":"publish","type":"post","link":"https:\/\/burscheid-sonnenblume.de\/?p=8038","title":{"rendered":"Die Sonnenblume war dabei &#8211; Bildungsnetzwerk des RBK"},"content":{"rendered":"<h5><span style=\"color: #6b8e23;\">Die WLAN-Lupen Memory, die Netiquette und die digitale Kommunikation wurde vorgestellt<\/span><\/h5>\n<p><img loading=\"lazy\" decoding=\"async\" class=\" wp-image-8040 alignleft\" src=\"https:\/\/burscheid-sonnenblume.de\/wp-content\/uploads\/2023\/11\/Rundbrief-2023-COver.jpg\" alt=\"\" width=\"317\" height=\"454\" srcset=\"https:\/\/burscheid-sonnenblume.de\/wp-content\/uploads\/2023\/11\/Rundbrief-2023-COver.jpg 527w, https:\/\/burscheid-sonnenblume.de\/wp-content\/uploads\/2023\/11\/Rundbrief-2023-COver-209x300.jpg 209w\" sizes=\"auto, (max-width: 317px) 100vw, 317px\" \/>Unter dem Thema \u201eNeue Ideen und Konzepte f\u00fcr die gemeinsame Medienerziehung\u201c brachte der Fachtag des Rheinisch Bergischen Kreises Teilnehmende aus Kita, Schule und Ganztag zusammen.<\/p>\n<p>Seit der Corona-Krise widmete sich das kreisweite Fachforum verst\u00e4rkt dem Thema \u201eMedienp\u00e4dagogik\u201c und der Frage \u00fcbergreifender Konzepte in der \u00dcbergangsgestaltung zwischen den Bildungsinstitutionen. Rund 100 Teilnehmerinnen und Teilnehmer lernten neue Konzepte und Ideen kennen, um digitale Medien als sinnvolle Erg\u00e4nzung in ihre t\u00e4gliche p\u00e4dagogische Arbeit zu integrieren. Denn f\u00fcr die t\u00e4gliche Praxis wird das Thema Medienerziehung immer bedeutsamer.<\/p>\n<p>Die Fachleute brachten aus den Kitas und Schulen ihre eigenen Anwendungsbeispiele mit, so dass die P\u00e4dagoginnen und P\u00e4dagogen ins Gespr\u00e4ch kommen und voneinander lernen konnten. Nach kurzer Anleitung durfte dann jeder selbst auf Entdeckungsreise gehen.<\/p>\n<p>Auch die Kita Sonnenblume war durch einen unserer geschulten und mit Medienerziehung gut vertrauten Mitarbeiter vertreten.<\/p>\n<p>So stellte er an dem Tag unser <a href=\"https:\/\/burscheid-sonnenblume.de\/?p=4947\">WLAN-Lupen Memory<\/a> vor. Bei diesem Spiel mit digitaler Technik wird die WLAN-Lupe mit dem Tablet verbunden und gekoppelt. Bilder k\u00f6nnen dann 30-fach vergr\u00f6\u00dfert, ausgedruckt und wie bei einem Memory gelegt werden. Im n\u00e4chsten Schritt suchen die Kinder die abgebildeten Oberfl\u00e4chenstrukturen im Au\u00dfengel\u00e4nde. Auch unsere \u201eNetiquette\u201c und die Grunds\u00e4tze unserer digitalen Kommunikation in der Sonnenblume wurden beim Fachtag vorgestellt.<\/p>\n<p>Hier berichtete unser Mitarbeiter, welche Werkzeuge wir f\u00fcr den Umgang miteinander und die digitale Kommunikation mit den Eltern einsetzen. In unserem <a href=\"https:\/\/burscheid-sonnenblume.de\/?p=5013\">Praxisleitfaden \u201eNetiquette\u201c<\/a> wird vereinbart, wie mit digitalen Medien umgegangen wird. Die Regeln wurden ebenso gemeinsam mit den Kindern erstellt.<\/p>\n<p>Solche Fragen wie: \u201eWof\u00fcr sind Medien da?\u201c, \u201eWann sollten Kindern Zugang zu Medien haben?\u201c, \u201eWie k\u00f6nnen Medien sinnvoll f\u00fcr die F\u00f6rderung eingesetzt werden?\u201c werden in unserer Netiquette behandelt.<\/p>\n<p>Unsere <a href=\"https:\/\/burscheid-sonnenblume.de\/?p=7840\">Kommunikations-App \u201eKiKom\u201c<\/a>, \u00fcber die wir im st\u00e4ndigen Austausch mit den Eltern sind, wurde ebenfalls pr\u00e4sentiert.<\/p>\n<p>Wir danken unserem Mitarbeiter f\u00fcr die Teilnahme am Fachtag und freuen uns immer \u00fcber M\u00f6glichkeiten des \u00fcbergreifenden Austauschs.<\/p>\n<p>\u00a0<\/p>\n\n\n<hr class=\"wp-block-separator has-alpha-channel-opacity\"\/>\n\n\n\n<div class=\"wp-block-columns is-layout-flex wp-container-core-columns-is-layout-1 wp-block-columns-is-layout-flex\">\n<div class=\"wp-block-column is-layout-flow wp-block-column-is-layout-flow\">\n<h5><span style=\"color: #6b8e23;\">Was ist das Bildungsnetzwerk des Rheinisch-Bergischen Kreises?<\/span><\/h5>\n<p>Das Fachportal Bildung bietet Lehrerinnen und Lehrern, p\u00e4dagogischen Fachkr\u00e4ften sowie der Fach\u00f6ffentlichkeit ein breites Informationsangebot. An diesem zentralen Ort werden vielf\u00e4ltige Informationen &#8211; rund um schulisches und au\u00dferschulisches Lernen &#8211; geb\u00fcndelt. Das Fachportal Bildung ist eine Plattform f\u00fcr den Austausch von Arbeitsergebnissen, p\u00e4dagogischen Konzepten, Best-Practice-Beispielen, Materialien und Ideen aus verschiedenen Bereichen. Dazu z\u00e4hlen unter anderem koordinierte \u00dcberg\u00e4nge zu verschiedenen Zeitpunkten der Bildungslaufbahn von Kindern und Jugendlichen, Gemeinsames Lernen, der Offene Ganztag, die MINT-F\u00f6rderung, Digitale Bildung und vieles mehr.<\/p>\n<p>Auf der Homepage des Rheinisch Bergischen Kreises finden Sie <a href=\"https:\/\/www.rbk-direkt.de\/bildungsnetzwerk-themen.aspx\">HIER weitere Informationen zum Fachportal Bildung und alle vergangenen Rundbriefe zum praktischen download.<\/a><\/p>\n<\/div>\n\n\n\n<div class=\"wp-block-column is-layout-flow wp-block-column-is-layout-flow\">\n<div data-wp-interactive=\"core\/file\" class=\"wp-block-file\"><object data-wp-bind--hidden=\"!state.hasPdfPreview\" hidden class=\"wp-block-file__embed\" data=\"https:\/\/burscheid-sonnenblume.de\/wp-content\/uploads\/2023\/11\/Rundbrief-bildungsnetzwerk-2023-ausgabe-2.pdf\" type=\"application\/pdf\" style=\"width:100%;height:600px\" aria-label=\"Einbettung von Rundbrief-bildungsnetzwerk-2023-ausgabe-2.\"><\/object><a id=\"wp-block-file--media-d72fccf2-e871-4265-bef9-c78988ed5ac1\" href=\"https:\/\/burscheid-sonnenblume.de\/wp-content\/uploads\/2023\/11\/Rundbrief-bildungsnetzwerk-2023-ausgabe-2.pdf\">Rundbrief-bildungsnetzwerk-2023-ausgabe-2<\/a><a href=\"https:\/\/burscheid-sonnenblume.de\/wp-content\/uploads\/2023\/11\/Rundbrief-bildungsnetzwerk-2023-ausgabe-2.pdf\" class=\"wp-block-file__button wp-element-button\" download aria-describedby=\"wp-block-file--media-d72fccf2-e871-4265-bef9-c78988ed5ac1\">Herunterladen<\/a><\/div>\n<\/div>\n<\/div>\n","protected":false},"excerpt":{"rendered":"<p>Die WLAN-Lupen Memory, die Netiquette und die digitale Kommunikation wurde vorgestellt Unter dem Thema \u201eNeue Ideen und Konzepte f\u00fcr die gemeinsame Medienerziehung\u201c brachte der Fachtag des Rheinisch Bergischen Kreises Teilnehmende aus Kita, Schule und Ganztag zusammen. Seit der Corona-Krise widmete<\/p>\n","protected":false},"author":1,"featured_media":8043,"comment_status":"closed","ping_status":"closed","sticky":false,"template":"","format":"standard","meta":{"footnotes":""},"categories":[1],"tags":[],"class_list":["post-8038","post","type-post","status-publish","format-standard","has-post-thumbnail","hentry","category-uncategorized"],"_links":{"self":[{"href":"https:\/\/burscheid-sonnenblume.de\/index.php?rest_route=\/wp\/v2\/posts\/8038","targetHints":{"allow":["GET"]}}],"collection":[{"href":"https:\/\/burscheid-sonnenblume.de\/index.php?rest_route=\/wp\/v2\/posts"}],"about":[{"href":"https:\/\/burscheid-sonnenblume.de\/index.php?rest_route=\/wp\/v2\/types\/post"}],"author":[{"embeddable":true,"href":"https:\/\/burscheid-sonnenblume.de\/index.php?rest_route=\/wp\/v2\/users\/1"}],"replies":[{"embeddable":true,"href":"https:\/\/burscheid-sonnenblume.de\/index.php?rest_route=%2Fwp%2Fv2%2Fcomments&post=8038"}],"version-history":[{"count":2,"href":"https:\/\/burscheid-sonnenblume.de\/index.php?rest_route=\/wp\/v2\/posts\/8038\/revisions"}],"predecessor-version":[{"id":8064,"href":"https:\/\/burscheid-sonnenblume.de\/index.php?rest_route=\/wp\/v2\/posts\/8038\/revisions\/8064"}],"wp:featuredmedia":[{"embeddable":true,"href":"https:\/\/burscheid-sonnenblume.de\/index.php?rest_route=\/wp\/v2\/media\/8043"}],"wp:attachment":[{"href":"https:\/\/burscheid-sonnenblume.de\/index.php?rest_route=%2Fwp%2Fv2%2Fmedia&parent=8038"}],"wp:term":[{"taxonomy":"category","embeddable":true,"href":"https:\/\/burscheid-sonnenblume.de\/index.php?rest_route=%2Fwp%2Fv2%2Fcategories&post=8038"},{"taxonomy":"post_tag","embeddable":true,"href":"https:\/\/burscheid-sonnenblume.de\/index.php?rest_route=%2Fwp%2Fv2%2Ftags&post=8038"}],"curies":[{"name":"wp","href":"https:\/\/api.w.org\/{rel}","templated":true}]}}