{"id":7744,"date":"2023-06-13T16:32:59","date_gmt":"2023-06-13T15:32:59","guid":{"rendered":"https:\/\/burscheid-sonnenblume.de\/?p=7744"},"modified":"2023-06-13T16:33:00","modified_gmt":"2023-06-13T15:33:00","slug":"die-5-leih-huehner-der-kita-sonnenblume","status":"publish","type":"post","link":"https:\/\/burscheid-sonnenblume.de\/?p=7744","title":{"rendered":"Die 5 Leih-H\u00fchner der Kita-Sonnenblume"},"content":{"rendered":"<h5><span style=\"color: #6b8e23;\">\u201eWillkommen im H\u00fchnerstall\u201c<\/span><\/h5>\n<p><img loading=\"lazy\" decoding=\"async\" class=\" wp-image-7751 alignleft\" src=\"https:\/\/burscheid-sonnenblume.de\/wp-content\/uploads\/2023\/06\/Huehner-Bild-2023.jpg\" alt=\"\" width=\"433\" height=\"306\" srcset=\"https:\/\/burscheid-sonnenblume.de\/wp-content\/uploads\/2023\/06\/Huehner-Bild-2023.jpg 1024w, https:\/\/burscheid-sonnenblume.de\/wp-content\/uploads\/2023\/06\/Huehner-Bild-2023-300x212.jpg 300w, https:\/\/burscheid-sonnenblume.de\/wp-content\/uploads\/2023\/06\/Huehner-Bild-2023-768x543.jpg 768w\" sizes=\"auto, (max-width: 433px) 100vw, 433px\" \/>Ende Mai stand es fest: Wir bekommen Leih\u00fchner!<\/p>\n<p>Nachdem unser altes Wiesewichtel-Geb\u00e4ude im M\u00e4rz abgebaut wurde und die Kinder in unser Hauptgeb\u00e4ude gezogen waren kam die Frage auf, was nun mit der neu gewonnenen Fl\u00e4che passiert. \u00dcber einen Briefkasten konnten Eltern und Kinder ihre Ideen und W\u00fcnsche f\u00fcr diese Fl\u00e4che zu Papier bringen und kundtun. Ein gro\u00dfer Wunsch war die Anschaffung von H\u00fchnern. Also versuchten wir, dem nach zu kommen. Und siehe da: Sch\u00f6n, wenn man gute Kontakte hat, denn ein Hof in Odenthal hatte gerade 5 H\u00fchner zu vergeben.<\/p>\n<p>Mittlerweile sind die 5 fedrigen Damen eingezogen und haben sich prima in der Sonnenblume eingelebt.<\/p>\n<p>Barbara, Fluffi, Wilma, Schoki und Gertrude haben auf dem alten Wiesenwichtel-Gel\u00e4nde seit dem 25.05. ein neues Zuhause gefunden. Aufgewachsen sind sie wie erw\u00e4hnt auf einem gl\u00fccklichen Hof in H\u00fcttchen bei Odenthal. Gl\u00fccklicherweise sind sie an Kinder gew\u00f6hnt, so dass sie sehr zutraulich und menschenfreundlich sind. \u00d6ffnet man die T\u00fcr zum Stall, kommen sie neugierig herbei. Das Gegehe haben sie mitgebracht ebenso wie zwei Schlafboxen, in denen sie gern die Nacht verbringen. Auch haben sie einige Stangen im Stall, auf denen sie ebenfalls gern hocken.<\/p>\n<p>Schon fr\u00fch am Morgen werden die H\u00fchner von den ersten Kolleg*innen im Haus versorgt. Es gibt Futter und frisches Wasser. Im Laufe des Tages geht dann immer ein\/e Erzieher*in zusammen mit einigen Kindern in den Stall, um zu schauen, ob noch alles in ausreichender Menge verf\u00fcgbar ist. Eine gro\u00dfe Freude macht man den H\u00fchnern, wenn man dann Reste vom Mittagessen mit dabei hat. Denn sie lieben alles, \u201ewas Essbares in den Stall kommt\u201c. Bei dieser Gelegenheit wird dann auch geschaut, ob sie Eier gelegt haben. Diese finden die Kinder dann im Nest und freuen sich sehr \u00fcber diesen Fund. Die Eier legen die Kinder dann in ein K\u00f6rbchen auf dem Klapptisch im Flur.<\/p>\n<p>Auch abends wird im Stall nochmals nach dem Rechten geschaut, bevor alle die Kita verlassen. F\u00fcr Sauerkeit und Ordnung im Stall muss nat\u00fcrlich auch gesorgt werden, d. h. verdrecktes Stoh muss immer wieder durch frisches Stroh ersetzt werden. Eine liebe Kollegin zeigt sich hierf\u00fcr verantwortlich und h\u00e4lt mit gutem H\u00e4ndchen den Stall stets sauber.<\/p>\n<p>Eine gr\u00f6\u00dfere Gruppe von Kolleg*innen haben sich freundlicherweise bereit erkl\u00e4rt, im Wechsel auch am Wochenende nach den H\u00fchnern zu schauen. So wird sichergestellt, dass sie rundum versorgt sind.<\/p>\n<p>Wie lange die H\u00fchner bei uns bleiben, steht noch nicht endg\u00fcltig fest. Geplant ist, dass sie bis zu den Sommerferien auf jeden Fall bei uns sind. Ob sie dann dar\u00fcber hinaus fester Bestandteil der Sonnenblume werden, wird sich noch enthscheiden.<\/p>\n<p>So hoffen wir, dass sich die H\u00fchner bei uns wohl f\u00fchlen und die Kinder gro\u00dfe Freude an ihnen haben.<\/p>\n","protected":false},"excerpt":{"rendered":"<p>\u201eWillkommen im H\u00fchnerstall\u201c Ende Mai stand es fest: Wir bekommen Leih\u00fchner! Nachdem unser altes Wiesewichtel-Geb\u00e4ude im M\u00e4rz abgebaut wurde und die Kinder in unser Hauptgeb\u00e4ude gezogen waren kam die Frage auf, was nun mit der neu gewonnenen Fl\u00e4che passiert. \u00dcber<\/p>\n","protected":false},"author":1,"featured_media":7751,"comment_status":"closed","ping_status":"closed","sticky":false,"template":"","format":"standard","meta":{"footnotes":""},"categories":[1],"tags":[],"class_list":["post-7744","post","type-post","status-publish","format-standard","has-post-thumbnail","hentry","category-uncategorized"],"_links":{"self":[{"href":"https:\/\/burscheid-sonnenblume.de\/index.php?rest_route=\/wp\/v2\/posts\/7744","targetHints":{"allow":["GET"]}}],"collection":[{"href":"https:\/\/burscheid-sonnenblume.de\/index.php?rest_route=\/wp\/v2\/posts"}],"about":[{"href":"https:\/\/burscheid-sonnenblume.de\/index.php?rest_route=\/wp\/v2\/types\/post"}],"author":[{"embeddable":true,"href":"https:\/\/burscheid-sonnenblume.de\/index.php?rest_route=\/wp\/v2\/users\/1"}],"replies":[{"embeddable":true,"href":"https:\/\/burscheid-sonnenblume.de\/index.php?rest_route=%2Fwp%2Fv2%2Fcomments&post=7744"}],"version-history":[{"count":2,"href":"https:\/\/burscheid-sonnenblume.de\/index.php?rest_route=\/wp\/v2\/posts\/7744\/revisions"}],"predecessor-version":[{"id":7752,"href":"https:\/\/burscheid-sonnenblume.de\/index.php?rest_route=\/wp\/v2\/posts\/7744\/revisions\/7752"}],"wp:featuredmedia":[{"embeddable":true,"href":"https:\/\/burscheid-sonnenblume.de\/index.php?rest_route=\/wp\/v2\/media\/7751"}],"wp:attachment":[{"href":"https:\/\/burscheid-sonnenblume.de\/index.php?rest_route=%2Fwp%2Fv2%2Fmedia&parent=7744"}],"wp:term":[{"taxonomy":"category","embeddable":true,"href":"https:\/\/burscheid-sonnenblume.de\/index.php?rest_route=%2Fwp%2Fv2%2Fcategories&post=7744"},{"taxonomy":"post_tag","embeddable":true,"href":"https:\/\/burscheid-sonnenblume.de\/index.php?rest_route=%2Fwp%2Fv2%2Ftags&post=7744"}],"curies":[{"name":"wp","href":"https:\/\/api.w.org\/{rel}","templated":true}]}}