{"id":7540,"date":"2023-01-20T14:02:00","date_gmt":"2023-01-20T13:02:00","guid":{"rendered":"https:\/\/burscheid-sonnenblume.de\/?p=7540"},"modified":"2023-01-23T14:17:29","modified_gmt":"2023-01-23T13:17:29","slug":"besuch-in-der-sonnenblume-von-angehenden-erzieherinnen-der-elex-schule-in-koeln","status":"publish","type":"post","link":"https:\/\/burscheid-sonnenblume.de\/?p=7540","title":{"rendered":"Besuch in der \u201eSonnenblume\u201c von angehenden Erzieher*innen der ELEx-Schule in K\u00f6ln"},"content":{"rendered":"<h5><span style=\"color: #6b8e23;\">Interessierte Besucher in der Sonnenblume<\/span><\/h5>\n<p>Am 12. Januar hatten wir Besuch von 4 angehenden Erzieher*innen der <a href=\"https:\/\/www.erzieher-lehrgang.de\/\">ELEx-Schule<\/a> in K\u00f6ln. Dort werden Quereinsteiger*innen ausgebildet, die sich auf zweitem Bildungsweg f\u00fcr den Beruf des Erziehers\/der Erzieherin entscheiden und in K\u00f6ln den Lehrgang zur Vorbereitung auf die staatliche Externenpr\u00fcfung absolvieren.<\/p>\n<p>Die Absolventen sprachen gezielt unsere Kita an, da sie von der Schule den Auftrag hatten, ein Referat zum Thema Nachhaltigkeit zu halten und eine Kita zu finden, die in ihrem Konzept gro\u00dfen Wert auf dieses wichtige Thema legt. Nach kurzem Suchen im Internet stie\u00df man auf die \u201eSonnenblume\u201c in Burscheid, die im Jahr 2021 den<a href=\"https:\/\/burscheid-sonnenblume.de\/?page_id=5906\"> 1. Platz beim Nachhaltigkeitspreis des Erzbistums K\u00f6ln<\/a> erzielt hatte.<\/p>\n<p>W\u00e4hrend des 2-st\u00fcndigen Besuches bekamen die 4 Erzieher*innen allerhand Input zu unseren verschiedenen Ma\u00dfnahmen, die wir seit 2020 verst\u00e4rkt angesto\u00dfen haben, um unsere Kita zu einem nachhaltigeren Ort zu machen. Ob es das <a href=\"https:\/\/burscheid-sonnenblume.de\/?p=6907\">Thema Upcycling oder M\u00fcllvermeidung<\/a> ist, Anbau von eigenem Gem\u00fcse, Wasser- und Papiereinsparung, Solarenergie, <a href=\"https:\/\/burscheid-sonnenblume.de\/?p=4758\">Click&amp;Collect-Mittagessen<\/a>, <a href=\"https:\/\/burscheid-sonnenblume.de\/?p=6983\">Food-Sharing<\/a>, <a href=\"https:\/\/burscheid-sonnenblume.de\/?p=7145\">Lastenfahr\u00e4der<\/a>, <a href=\"https:\/\/burscheid-sonnenblume.de\/?p=6966\">offener Kleiderschrank<\/a>, oder <a href=\"https:\/\/burscheid-sonnenblume.de\/wp-content\/uploads\/2021\/10\/Artikel-Lokale-Information-Nachhaltigkeit.jpg\">Insektenbereiche<\/a> im Au\u00dfengel\u00e4nde.<\/p>\n<p>Bekanntlich gehen uns ja nie die Ideen aus und offenbar zeigt unser vielseitiges Wirken hier in der \u201eSonnenblume\u201c in Burscheid ja auch \u00fcber die Grenzen hinaus Wirkung.<\/p>\n<p>Wir freuen uns jedenfalls sehr \u00fcber den netten Besuch und konstruktiven Austausch und w\u00fcnschen den angehenden Erzieher*innen viel Gl\u00fcck und Erfolg bei Ihrer Externenpr\u00fcfung.<\/p>\n\n\n<hr class=\"wp-block-separator has-alpha-channel-opacity\"\/>\n\n\n\n<div class=\"wp-block-columns is-layout-flex wp-container-core-columns-is-layout-1 wp-block-columns-is-layout-flex\">\n<div class=\"wp-block-column is-layout-flow wp-block-column-is-layout-flow\">\n<figure class=\"wp-block-image size-full\"><img loading=\"lazy\" decoding=\"async\" width=\"1024\" height=\"768\" src=\"https:\/\/burscheid-sonnenblume.de\/wp-content\/uploads\/2023\/01\/IMG_20230116_114640.jpg\" alt=\"\" class=\"wp-image-7542\" srcset=\"https:\/\/burscheid-sonnenblume.de\/wp-content\/uploads\/2023\/01\/IMG_20230116_114640.jpg 1024w, https:\/\/burscheid-sonnenblume.de\/wp-content\/uploads\/2023\/01\/IMG_20230116_114640-300x225.jpg 300w, https:\/\/burscheid-sonnenblume.de\/wp-content\/uploads\/2023\/01\/IMG_20230116_114640-768x576.jpg 768w\" sizes=\"auto, (max-width: 1024px) 100vw, 1024px\" \/><figcaption class=\"wp-element-caption\">Das Plakat der 4. Besucher<\/figcaption><\/figure>\n<\/div>\n<\/div>\n","protected":false},"excerpt":{"rendered":"<p>Interessierte Besucher in der Sonnenblume Am 12. Januar hatten wir Besuch von 4 angehenden Erzieher*innen der ELEx-Schule in K\u00f6ln. Dort werden Quereinsteiger*innen ausgebildet, die sich auf zweitem Bildungsweg f\u00fcr den Beruf des Erziehers\/der Erzieherin entscheiden und in K\u00f6ln den Lehrgang<\/p>\n","protected":false},"author":1,"featured_media":7541,"comment_status":"closed","ping_status":"closed","sticky":false,"template":"","format":"standard","meta":{"footnotes":""},"categories":[1],"tags":[],"class_list":["post-7540","post","type-post","status-publish","format-standard","has-post-thumbnail","hentry","category-uncategorized"],"_links":{"self":[{"href":"https:\/\/burscheid-sonnenblume.de\/index.php?rest_route=\/wp\/v2\/posts\/7540","targetHints":{"allow":["GET"]}}],"collection":[{"href":"https:\/\/burscheid-sonnenblume.de\/index.php?rest_route=\/wp\/v2\/posts"}],"about":[{"href":"https:\/\/burscheid-sonnenblume.de\/index.php?rest_route=\/wp\/v2\/types\/post"}],"author":[{"embeddable":true,"href":"https:\/\/burscheid-sonnenblume.de\/index.php?rest_route=\/wp\/v2\/users\/1"}],"replies":[{"embeddable":true,"href":"https:\/\/burscheid-sonnenblume.de\/index.php?rest_route=%2Fwp%2Fv2%2Fcomments&post=7540"}],"version-history":[{"count":3,"href":"https:\/\/burscheid-sonnenblume.de\/index.php?rest_route=\/wp\/v2\/posts\/7540\/revisions"}],"predecessor-version":[{"id":7548,"href":"https:\/\/burscheid-sonnenblume.de\/index.php?rest_route=\/wp\/v2\/posts\/7540\/revisions\/7548"}],"wp:featuredmedia":[{"embeddable":true,"href":"https:\/\/burscheid-sonnenblume.de\/index.php?rest_route=\/wp\/v2\/media\/7541"}],"wp:attachment":[{"href":"https:\/\/burscheid-sonnenblume.de\/index.php?rest_route=%2Fwp%2Fv2%2Fmedia&parent=7540"}],"wp:term":[{"taxonomy":"category","embeddable":true,"href":"https:\/\/burscheid-sonnenblume.de\/index.php?rest_route=%2Fwp%2Fv2%2Fcategories&post=7540"},{"taxonomy":"post_tag","embeddable":true,"href":"https:\/\/burscheid-sonnenblume.de\/index.php?rest_route=%2Fwp%2Fv2%2Ftags&post=7540"}],"curies":[{"name":"wp","href":"https:\/\/api.w.org\/{rel}","templated":true}]}}