{"id":7397,"date":"2022-12-01T09:34:18","date_gmt":"2022-12-01T08:34:18","guid":{"rendered":"https:\/\/burscheid-sonnenblume.de\/?p=7397"},"modified":"2022-12-22T09:41:34","modified_gmt":"2022-12-22T08:41:34","slug":"garten-und-aufraeumtag-in-der-kita-sonnenblume","status":"publish","type":"post","link":"https:\/\/burscheid-sonnenblume.de\/?p=7397","title":{"rendered":"Garten und Aufr\u00e4umtag in der Kita Sonnenblume"},"content":{"rendered":"<h5><span style=\"color: #6b8e23;\">Gemeinsam f\u00fcr unsere Kinder &#8211; gemeinsam f\u00fcr die Kita !<br \/><\/span><\/h5>\n<p>Am letzten Samstag im November wurde in der Kita Sonnenblume kr\u00e4ftig angepackt \u2013 und diesmal waren die Erwachsenen am Werk. Von 9:00 bis 12:00 Uhr halfen 29 Kita-Eltern und einige Mitarbeiter mit, den Garten wieder auf Vordermann zu bringen. Denn es gab wahrhaftig viel zu tun. Der Gr\u00fcnschnitt war so viel, dass ein Container nicht ausreichte und sogar ein Zweiter mit dem Gartenabfall gef\u00fcllt werden konnte.<\/p>\n<p>Die Firma L\u00f6hr aus Burscheid stellte uns freundlicherweise die Container zur Verf\u00fcgung und berechnete lediglich den Hin- und Abtransport. Einen herzlichen Dank daf\u00fcr!<\/p>\n<p>Der Garten war nach diesem Aufr\u00e4umtag winterfest und konnte sich wieder sehen lassen. Bei dieser Gelegenheit musste auch die Laubh\u00fctte wieder weichen, die leider nicht dauerhaft stehen bleiben konnte. Aber der n\u00e4chste Herbst kommt ja bestimmt.<\/p>\n<p>An dieser Stelle danken wir nochmals allen beteiligten Eltern und der Firma L\u00f6hr sehr herzlich f\u00fcr ihre gro\u00dfartige Unterst\u00fctzung!<\/p>\n<p>\u00a0<\/p>\n\n\n<hr class=\"wp-block-separator has-alpha-channel-opacity\"\/>\n\n\n\n<figure class=\"wp-block-gallery has-nested-images columns-default is-cropped wp-block-gallery-2 is-layout-flex wp-block-gallery-is-layout-flex\">\n<figure class=\"wp-block-image size-large\"><img loading=\"lazy\" decoding=\"async\" width=\"1024\" height=\"768\" data-id=\"7402\" src=\"https:\/\/burscheid-sonnenblume.de\/wp-content\/uploads\/2022\/12\/IMG_4980.jpg\" alt=\"\" class=\"wp-image-7402\" srcset=\"https:\/\/burscheid-sonnenblume.de\/wp-content\/uploads\/2022\/12\/IMG_4980.jpg 1024w, https:\/\/burscheid-sonnenblume.de\/wp-content\/uploads\/2022\/12\/IMG_4980-300x225.jpg 300w, https:\/\/burscheid-sonnenblume.de\/wp-content\/uploads\/2022\/12\/IMG_4980-768x576.jpg 768w\" sizes=\"auto, (max-width: 1024px) 100vw, 1024px\" \/><\/figure>\n\n\n\n<figure class=\"wp-block-image size-large\"><img loading=\"lazy\" decoding=\"async\" width=\"1024\" height=\"768\" data-id=\"7405\" src=\"https:\/\/burscheid-sonnenblume.de\/wp-content\/uploads\/2022\/12\/IMG_4983.jpg\" alt=\"\" class=\"wp-image-7405\" srcset=\"https:\/\/burscheid-sonnenblume.de\/wp-content\/uploads\/2022\/12\/IMG_4983.jpg 1024w, https:\/\/burscheid-sonnenblume.de\/wp-content\/uploads\/2022\/12\/IMG_4983-300x225.jpg 300w, https:\/\/burscheid-sonnenblume.de\/wp-content\/uploads\/2022\/12\/IMG_4983-768x576.jpg 768w\" sizes=\"auto, (max-width: 1024px) 100vw, 1024px\" \/><\/figure>\n\n\n\n<figure class=\"wp-block-image size-large\"><img loading=\"lazy\" decoding=\"async\" width=\"1024\" height=\"768\" data-id=\"7404\" src=\"https:\/\/burscheid-sonnenblume.de\/wp-content\/uploads\/2022\/12\/IMG_4982.jpg\" alt=\"\" class=\"wp-image-7404\" srcset=\"https:\/\/burscheid-sonnenblume.de\/wp-content\/uploads\/2022\/12\/IMG_4982.jpg 1024w, https:\/\/burscheid-sonnenblume.de\/wp-content\/uploads\/2022\/12\/IMG_4982-300x225.jpg 300w, https:\/\/burscheid-sonnenblume.de\/wp-content\/uploads\/2022\/12\/IMG_4982-768x576.jpg 768w\" sizes=\"auto, (max-width: 1024px) 100vw, 1024px\" \/><\/figure>\n\n\n\n<figure class=\"wp-block-image size-large\"><img loading=\"lazy\" decoding=\"async\" width=\"1024\" height=\"768\" data-id=\"7403\" src=\"https:\/\/burscheid-sonnenblume.de\/wp-content\/uploads\/2022\/12\/IMG_4981.jpg\" alt=\"\" class=\"wp-image-7403\" srcset=\"https:\/\/burscheid-sonnenblume.de\/wp-content\/uploads\/2022\/12\/IMG_4981.jpg 1024w, https:\/\/burscheid-sonnenblume.de\/wp-content\/uploads\/2022\/12\/IMG_4981-300x225.jpg 300w, https:\/\/burscheid-sonnenblume.de\/wp-content\/uploads\/2022\/12\/IMG_4981-768x576.jpg 768w\" sizes=\"auto, (max-width: 1024px) 100vw, 1024px\" \/><\/figure>\n<\/figure>\n","protected":false},"excerpt":{"rendered":"<p>Gemeinsam f\u00fcr unsere Kinder &#8211; gemeinsam f\u00fcr die Kita ! Am letzten Samstag im November wurde in der Kita Sonnenblume kr\u00e4ftig angepackt \u2013 und diesmal waren die Erwachsenen am Werk. Von 9:00 bis 12:00 Uhr halfen 29 Kita-Eltern und einige<\/p>\n","protected":false},"author":1,"featured_media":7402,"comment_status":"closed","ping_status":"closed","sticky":false,"template":"","format":"standard","meta":{"footnotes":""},"categories":[1],"tags":[],"class_list":["post-7397","post","type-post","status-publish","format-standard","has-post-thumbnail","hentry","category-uncategorized"],"_links":{"self":[{"href":"https:\/\/burscheid-sonnenblume.de\/index.php?rest_route=\/wp\/v2\/posts\/7397","targetHints":{"allow":["GET"]}}],"collection":[{"href":"https:\/\/burscheid-sonnenblume.de\/index.php?rest_route=\/wp\/v2\/posts"}],"about":[{"href":"https:\/\/burscheid-sonnenblume.de\/index.php?rest_route=\/wp\/v2\/types\/post"}],"author":[{"embeddable":true,"href":"https:\/\/burscheid-sonnenblume.de\/index.php?rest_route=\/wp\/v2\/users\/1"}],"replies":[{"embeddable":true,"href":"https:\/\/burscheid-sonnenblume.de\/index.php?rest_route=%2Fwp%2Fv2%2Fcomments&post=7397"}],"version-history":[{"count":6,"href":"https:\/\/burscheid-sonnenblume.de\/index.php?rest_route=\/wp\/v2\/posts\/7397\/revisions"}],"predecessor-version":[{"id":7410,"href":"https:\/\/burscheid-sonnenblume.de\/index.php?rest_route=\/wp\/v2\/posts\/7397\/revisions\/7410"}],"wp:featuredmedia":[{"embeddable":true,"href":"https:\/\/burscheid-sonnenblume.de\/index.php?rest_route=\/wp\/v2\/media\/7402"}],"wp:attachment":[{"href":"https:\/\/burscheid-sonnenblume.de\/index.php?rest_route=%2Fwp%2Fv2%2Fmedia&parent=7397"}],"wp:term":[{"taxonomy":"category","embeddable":true,"href":"https:\/\/burscheid-sonnenblume.de\/index.php?rest_route=%2Fwp%2Fv2%2Fcategories&post=7397"},{"taxonomy":"post_tag","embeddable":true,"href":"https:\/\/burscheid-sonnenblume.de\/index.php?rest_route=%2Fwp%2Fv2%2Ftags&post=7397"}],"curies":[{"name":"wp","href":"https:\/\/api.w.org\/{rel}","templated":true}]}}