{"id":7187,"date":"2022-11-16T11:32:07","date_gmt":"2022-11-16T10:32:07","guid":{"rendered":"https:\/\/burscheid-sonnenblume.de\/?p=7187"},"modified":"2022-11-16T13:39:51","modified_gmt":"2022-11-16T12:39:51","slug":"der-buechertag-in-der-sonnenblume","status":"publish","type":"post","link":"https:\/\/burscheid-sonnenblume.de\/?p=7187","title":{"rendered":"Der B\u00fcchertag in der Sonnenblume &#8211; B\u00fccher statt Spielzeugtag"},"content":{"rendered":"<h5><span style=\"color: #6b8e23;\"><strong>Wenn Kinder ihr Lieblingsbuch mit in die Kita bringen<\/strong><\/span><\/h5>\n<p><img loading=\"lazy\" decoding=\"async\" class=\" wp-image-7188 alignleft\" src=\"https:\/\/burscheid-sonnenblume.de\/wp-content\/uploads\/2022\/11\/Buecherkorb.jpg\" alt=\"\" width=\"463\" height=\"347\" srcset=\"https:\/\/burscheid-sonnenblume.de\/wp-content\/uploads\/2022\/11\/Buecherkorb.jpg 1024w, https:\/\/burscheid-sonnenblume.de\/wp-content\/uploads\/2022\/11\/Buecherkorb-300x225.jpg 300w, https:\/\/burscheid-sonnenblume.de\/wp-content\/uploads\/2022\/11\/Buecherkorb-768x576.jpg 768w\" sizes=\"auto, (max-width: 463px) 100vw, 463px\" \/>Am Mittwoch, den 03.11.2022 waren die R\u00e4ume der Kita Sonnenblume voll mit B\u00fcchern. Cicero h\u00e4tte seine helle Freude gehabt. Und zwar waren die Gruppenr\u00e4ume mit mehr B\u00fcchern gef\u00fcllt als sonst, denn die Kinder durften an diesem Tag ihr Lieblingsbuch mit in die Kita bringen. Im Morgenkreis wurden die B\u00fccher dann stolz pr\u00e4sentiert und erkl\u00e4rt, warum genau das eine bestimmte Buch so gern immer und immer wieder gelesen wird. Vorgelesen nat\u00fcrlich\u2026 denn im Laufe des Tages bekamen die Kinder einige der mitgebrachten Geschichten von den p\u00e4dagogischen Fachkr\u00e4ften vorgelesen.<\/p>\n<p>Und warum eigentlich \u201eB\u00fcchertag\u201c? Denn fr\u00fcher gab es bei uns auch den hei\u00dfbegehrten \u201eSpielzeugtag\u201c.<br \/>\nWas ist denn eigentlich aus dem geworden? Spielzeugtag \u2013 es geht auch ohne\u2026<\/p>\n<p>Der Spielzeugtag entwickelte sich bei uns in der Kita in den letzten Jahren mehr denn je zu einer Demonstration der gr\u00f6\u00dften und kostspieligsten Spielsachen, w\u00e4hrend mittlerweile selbst bei den Kindergartenkindern das Markenbewusstsein eine immer gr\u00f6\u00dfere Rolle spielt. Wir m\u00f6chten m\u00f6glichst vermeiden, dass sich unsere Kinder bereits in der Kindertagesst\u00e4tte einem Wettbewerb im Sinne einer Konkurrenz des Sch\u00f6nsten, Besten und Gr\u00f6\u00dftem ausge-setzt f\u00fchlen.<\/p>\n<p>Im Kindergartenalltag mangelt es nicht an Spiel-, Spa\u00df und Besch\u00e4ftigungsmaterialen. Im Gegenteil, wir sind darum bem\u00fcht, eine reizfreiere Raumgestaltung mit weniger Spielsachen zu schaffen. Es kam die Anregung aus dem Team, in unserer Sonnenblume einige wenige Thementage einzurichten. \u201eMein liebstes Kuscheltier\u201c und\/oder \u201eMein Lieblingsbilderbuch\u201c sehen wir als eine gute und sinnvolle Alternative zum Spielzeugtag, bei der es nicht um Konkurrenz, sondern um gemeinsame Freude an einem Kuscheltier, Buch oder einer Geschichte geht.<\/p>\n<p>Die Kinder in ihrer Individualit\u00e4t anzunehmen, wertzusch\u00e4tzen und sie zu unterst\u00fctzen, dass sie sich zu eigenverantwortlichen Pers\u00f6nlichkeiten entwickeln k\u00f6nnen, hat f\u00fcr uns h\u00f6chste Priorit\u00e4t. \u201eSelbstbewusstsein ist wichtiger als Markenbewusstsein\u201c.<\/p>\n<p>In diesem Sinne freuen wir uns schon auf den n\u00e4chsten Kuscheltier- oder B\u00fcchertag!<\/p>\n<h5 style=\"text-align: center;\"><em><span style=\"color: #6b8e23;\">Ein Raum ohne B\u00fccher ist wie ein K\u00f6rper ohne Seele\u201c \u2013 Cicero<\/span><\/em><\/h5>\n","protected":false},"excerpt":{"rendered":"<p>Wenn Kinder ihr Lieblingsbuch mit in die Kita bringen Am Mittwoch, den 03.11.2022 waren die R\u00e4ume der Kita Sonnenblume voll mit B\u00fcchern. Cicero h\u00e4tte seine helle Freude gehabt. Und zwar waren die Gruppenr\u00e4ume mit mehr B\u00fcchern gef\u00fcllt als sonst, denn<\/p>\n","protected":false},"author":1,"featured_media":7188,"comment_status":"closed","ping_status":"closed","sticky":false,"template":"","format":"standard","meta":{"footnotes":""},"categories":[1],"tags":[],"class_list":["post-7187","post","type-post","status-publish","format-standard","has-post-thumbnail","hentry","category-uncategorized"],"_links":{"self":[{"href":"https:\/\/burscheid-sonnenblume.de\/index.php?rest_route=\/wp\/v2\/posts\/7187","targetHints":{"allow":["GET"]}}],"collection":[{"href":"https:\/\/burscheid-sonnenblume.de\/index.php?rest_route=\/wp\/v2\/posts"}],"about":[{"href":"https:\/\/burscheid-sonnenblume.de\/index.php?rest_route=\/wp\/v2\/types\/post"}],"author":[{"embeddable":true,"href":"https:\/\/burscheid-sonnenblume.de\/index.php?rest_route=\/wp\/v2\/users\/1"}],"replies":[{"embeddable":true,"href":"https:\/\/burscheid-sonnenblume.de\/index.php?rest_route=%2Fwp%2Fv2%2Fcomments&post=7187"}],"version-history":[{"count":5,"href":"https:\/\/burscheid-sonnenblume.de\/index.php?rest_route=\/wp\/v2\/posts\/7187\/revisions"}],"predecessor-version":[{"id":7194,"href":"https:\/\/burscheid-sonnenblume.de\/index.php?rest_route=\/wp\/v2\/posts\/7187\/revisions\/7194"}],"wp:featuredmedia":[{"embeddable":true,"href":"https:\/\/burscheid-sonnenblume.de\/index.php?rest_route=\/wp\/v2\/media\/7188"}],"wp:attachment":[{"href":"https:\/\/burscheid-sonnenblume.de\/index.php?rest_route=%2Fwp%2Fv2%2Fmedia&parent=7187"}],"wp:term":[{"taxonomy":"category","embeddable":true,"href":"https:\/\/burscheid-sonnenblume.de\/index.php?rest_route=%2Fwp%2Fv2%2Fcategories&post=7187"},{"taxonomy":"post_tag","embeddable":true,"href":"https:\/\/burscheid-sonnenblume.de\/index.php?rest_route=%2Fwp%2Fv2%2Ftags&post=7187"}],"curies":[{"name":"wp","href":"https:\/\/api.w.org\/{rel}","templated":true}]}}