{"id":6552,"date":"2022-02-20T12:25:13","date_gmt":"2022-02-20T11:25:13","guid":{"rendered":"https:\/\/burscheid-sonnenblume.de\/?p=6552"},"modified":"2022-02-20T13:12:38","modified_gmt":"2022-02-20T12:12:38","slug":"clara-anton-sexuelle-geschlechtliche-vielfalt-in-kirche-und-caritas","status":"publish","type":"post","link":"https:\/\/burscheid-sonnenblume.de\/?p=6552","title":{"rendered":"Clara\/Anton \u2013 Sexuelle\/Geschlechtliche Vielfalt in Kirche und Caritas"},"content":{"rendered":"<h5><span style=\"color: #6b8e23;\">Wie sieht es denn nun eigentlich aus mit\u00a0<b>sexueller <\/b>und\u00a0<b>geschlechtlicher Vielfalt <\/b>in der katholischen Kirche und katholischen Organisationen wie der Caritas?<\/span><\/h5>\n<p><img loading=\"lazy\" decoding=\"async\" class=\"size-medium wp-image-5800 alignleft\" src=\"https:\/\/burscheid-sonnenblume.de\/wp-content\/uploads\/2021\/08\/IMG_9829-300x225.jpeg\" alt=\"\" width=\"300\" height=\"225\" srcset=\"https:\/\/burscheid-sonnenblume.de\/wp-content\/uploads\/2021\/08\/IMG_9829-300x225.jpeg 300w, https:\/\/burscheid-sonnenblume.de\/wp-content\/uploads\/2021\/08\/IMG_9829.jpeg 640w\" sizes=\"auto, (max-width: 300px) 100vw, 300px\" \/>Mir selbst, als Teil der LGBTQ+-Community und als Teil der katholischen Kirche liegt das Thema sehr nahe. Am 18.05.2021 schrieb ich mit zitternden Fingern eine Mail an meine Chefin und outete mich als <strong>trans*<\/strong>, #outinchurch war damals noch weit in der Zukunft. Zitternd nicht, weil ich dachte, meine Kolleg*innen w\u00fcrden mich auf pers\u00f6nlicher Ebene nicht akzeptieren, sondern weil ich wusste, das Thema ist ein gro\u00dfes Tabu sowie Problem in der katholischen Kirche.<\/p>\n<p>Bereits als Kindergartenkind besuchte ich einen katholischen Gemeindekindergarten. <br \/>In meiner Schulzeit ging ich auf ein katholisches Gymnasium. Dort wurde mir ausdr\u00fccklich geraten, weder meine Sexualit\u00e4t noch meine Geschlechtsidentit\u00e4t auszuleben. Das Thema war entweder Tabu oder es wurde als etwas \u201cFalsches\u201d dargestellt. Weder meine Sexualit\u00e4t noch meine Geschlechtsidentit\u00e4t ver\u00e4nderten sich dadurch oder blieben einfach weg. Stattdessen behielt ich alles in mir und belastete meine Psyche damit ins Unermessliche. Ich hatte Angst, aufgrund meiner Geschlechtsidentit\u00e4t in der Schule benachteiligt zu werden und dann sp\u00e4ter meine Anstellung zu verlieren. Zu meiner Erleichterung traf ich sowohl bei meiner Chefin als auch bei meinen Arbeitskolleg*innen auf viel <strong>Akzeptanz, Verst\u00e4ndnis und Unterst\u00fctzung<\/strong>.<\/p>\n<p>Das hat mir ganz klar gezeigt: die katholische Kirche kann auch anders. Ich w\u00fcnsche mir, dass sich immer mehr Menschen trauen sich zu outen und auf Unterst\u00fctzung in der katholischen Kirche treffen. Es ist nichts falsch daran, ein System, dass seit dem 13. Jahrhundert nicht ma\u00dfgeblich ver\u00e4ndert wurde zu hinterfragen. Ganz im Gegenteil, es ist dringend notwendig diese Ansichten und ihre Urspr\u00fcnge zu analysieren und der heutigen Gesellschaft anzupassen.<\/p>\n<p>Wir als Mitarbeitende der Caritas sollten immer wieder \u00fcber das Thema der sexuellen und geschlechtlichen Vielfalt reden und aufkl\u00e4ren, um auch den <strong>Druck <\/strong>an die katholische Kirche zu erh\u00f6hen. Ist es nicht widerspr\u00fcchlich von <strong>N\u00e4chstenliebe <\/strong>und <strong>Selbstbestimmung <\/strong>zu reden und dann Menschen auf Grund ihrer Sexualit\u00e4t oder Geschlechtsidentit\u00e4t zu diskriminieren? Es ist wichtig, das Tabu aufzuheben und selbst gegen die Diskriminierungen vorzugehen und sich einzusetzen. Denn auch wenn man stillschweigend zu schaut, ist man Teil des Problems.<\/p>\n<p>Anbei sind einige meiner Literaturempfehlungen f\u00fcr Gro\u00df und Klein, damit das Thema nicht erst besprochen wird, wenn es einen pers\u00f6nlich betrifft.<\/p>\n<p>Ein Anfang des Umdenkens ist bereits geschehen, das Thema Sexualit\u00e4t und Geschlechtsidentit\u00e4t wird immer pr\u00e4senter, egal ob in den Medien, im privaten Umfeld oder bei einem selbst. Und auch die <strong>katholische Kirche<\/strong>stellte sich nun dem Thema und veranstaltete am Montag, dem 14.02.2022, eine Online-Fortbildung zu der anf\u00e4nglichen Frage. Zwei weitere Kolleg*innen und ich nahmen an dem Seminar teil, zusammen mit verschiedenen Menschen aus unterschiedlichen Bereichen der katholischen Kirche sowie der Caritas und ihren Arbeitsfeldern nahmen an dem Seminar teil.<\/p>\n<figure id=\"attachment_6554\" aria-describedby=\"caption-attachment-6554\" style=\"width: 212px\" class=\"wp-caption alignleft\"><img loading=\"lazy\" decoding=\"async\" class=\"wp-image-6554 size-full\" src=\"https:\/\/burscheid-sonnenblume.de\/wp-content\/uploads\/2022\/02\/logo-synodaler-weg.png\" alt=\"\" width=\"212\" height=\"173\" \/><figcaption id=\"caption-attachment-6554\" class=\"wp-caption-text\">Foto: https:\/\/www.synodalerweg.de<\/figcaption><\/figure>\n<p>Die Fortbildung begann mit einem Input der elementaren Informationen zu der Grundhaltung der Kirche gegen\u00fcber sexueller und geschlechtlicher Vielfalt. Bis heute ist diese Grundhaltung unver\u00e4ndert aus dem 13. Jahrhundert weitergef\u00fchrt. Sexualit\u00e4t solle es nur in der Ehe geben, gef\u00fchrt von einer Frau und einem Mann. Priester jedoch haben kein Recht, ihre Sexualit\u00e4t auszuleben, geschweige denn eine Partnerschaft oder Ehe zu f\u00fchren. Alles andere als eine heterosexuelle Beziehung zwischen einer biologischen Frau und einem biologischen Mann sei \u201cfalsch\u201d und nicht von Gott gewollt, deshalb werden diese Paare weder gesegnet noch als \u201cnormal\u201d oder \u201crichtig\u201d anerkannt. Bis zum 14.02.2022 war es in Deutschland erlaubt, Mitarbeitende in der katholischen Kirche zu k\u00fcndigen, auf Grund ihrer Sexualit\u00e4t beziehungsweise ihrer Partnerwahl. Mithilfe des <strong>Synodalen Weges<\/strong> (2019, Frankfurt am Main) sucht die katholische Kirche nun Antworten auf gegenw\u00e4rtige Situationen, Probleme und Fragen und strebt einen Wandel an. In mehreren Synodalversammlungen stimmten und stimmen 230 Personen im Namen der Kirche \u00fcber genau diese Antworten ab. Die Mehrheit entschied sich daf\u00fcr, dass die Kirche Menschen nicht mehr auf Grund ihrer sexuellen Orientierung oder ihrer Geschlechtsidentit\u00e4t diskriminieren darf. Des Weiteren stimmten sie daf\u00fcr, dass Bisch\u00f6fe alle Paare, die sich lieben und binden wollen, segnen d\u00fcrfen und sollen.<\/p>\n<p>Au\u00dferdem wurde vereinbart, die Grundordnung des kirchlichen Dienstes im Rahmen kirchlicher Arbeitsverh\u00e4ltnisse so zu \u00e4ndern, dass Entscheidungen f\u00fcr eine gesetzlich geregelte oder nicht verbotene Partnerschaftsform nicht mehr als Verst\u00f6\u00dfe gegen Loyalit\u00e4tsobliegenheiten gefasst werden und entsprechend eine Einstellung in den kirchlichen Dienst verhindert bzw. eine Beendigung eines bestehenden Arbeitsverh\u00e4ltnisses herbeigef\u00fchrt werden kann.<\/p>\n<p>Siehe: (<a href=\"https:\/\/www.synodalerweg.de\/dokumente-reden-und-beitraege\">https:\/\/www.synodalerweg.de\/dokumente-reden-und-beitraege<\/a>)\u00a0Diese Bestimmungen gelten jedoch nur im Bistum Limburg.<\/p>\n<p>Einen weiteren gro\u00dfen Beitrag zu der momentanen Ver\u00e4nderung in der katholischen Kirche tr\u00e4gt die Bewegung <strong>#outinchurch<\/strong> bei. Bei der Bewegung geht es darum, dass sich Personen in der katholischen Kirche outen und damit ein klares Zeichen setzen. Es soll m\u00f6glich sein, katholisch UND queer zu sein ohne sich diese spirituelle Heimat erk\u00e4mpfen oder seinen Platz dort verteidigen zu m\u00fcssen. Immer noch k\u00e4mpfen queere Menschen in der Kirche mit Verurteilung, Scham und Besch\u00e4mung. Verschiedene Personen, die an der Veranstaltung teilnahmen, meldeten sich zu Wort und erz\u00e4hlten von Diskriminierungen innerhalb der Kirche und\/oder ihres Arbeitsplatzes. Deshalb ist es wichtig, Strategien zu entwickeln, um einen &#8220;<strong>Safe Space<\/strong>&#8221; f\u00fcr queere Menschen zu schaffen. In welchem sie sicher ohne Angst Teil der katholischen Kirche bleiben k\u00f6nnen.<\/p>\n<figure id=\"attachment_6555\" aria-describedby=\"caption-attachment-6555\" style=\"width: 228px\" class=\"wp-caption alignleft\"><img loading=\"lazy\" decoding=\"async\" class=\"wp-image-6555 \" src=\"https:\/\/burscheid-sonnenblume.de\/wp-content\/uploads\/2022\/02\/urn-ard-image-4124e76f0d344ae3-300x169.jpeg\" alt=\"\" width=\"228\" height=\"129\" srcset=\"https:\/\/burscheid-sonnenblume.de\/wp-content\/uploads\/2022\/02\/urn-ard-image-4124e76f0d344ae3-300x169.jpeg 300w, https:\/\/burscheid-sonnenblume.de\/wp-content\/uploads\/2022\/02\/urn-ard-image-4124e76f0d344ae3-1024x576.jpeg 1024w, https:\/\/burscheid-sonnenblume.de\/wp-content\/uploads\/2022\/02\/urn-ard-image-4124e76f0d344ae3-768x432.jpeg 768w, https:\/\/burscheid-sonnenblume.de\/wp-content\/uploads\/2022\/02\/urn-ard-image-4124e76f0d344ae3-1536x864.jpeg 1536w, https:\/\/burscheid-sonnenblume.de\/wp-content\/uploads\/2022\/02\/urn-ard-image-4124e76f0d344ae3.jpeg 1920w\" sizes=\"auto, (max-width: 228px) 100vw, 228px\" \/><figcaption id=\"caption-attachment-6555\" class=\"wp-caption-text\">Foto: ARD Mediathek &#8220;Wie Gott uns schuf&#8221;<\/figcaption><\/figure>\n<p>Im Rahmen der Bewegung wurde eine Dokumentation von der ARD mit dem Titel &#8220;<a href=\"https:\/\/www.ardmediathek.de\/sendung\/wie-gott-uns-schuf\/Y3JpZDovL3JiYi1vbmxpbmUuZGUvd2llLWdvdHQtdW5zLXNjaHVm\/\">Wie Gott uns schuf&#8221; (zu sehen in der ARD-Mediathek)<\/a> gedreht. Unterschiedliche Menschen in der katholischen Kirche berichteten von ihren Erfahrungen als queere Personen und der Wichtigkeit der Ver\u00e4nderung. Mithilfe einer <strong>Petition <\/strong>(<a href=\"https:\/\/outinchurch.de\/\">https:\/\/outinchurch.de\/<\/a>) m\u00f6chte die Organisation sieben Forderungen durchbringen:<\/p>\n<ol>\n<li>Wir wollen als LGBTIQ+ Personen in der Kirche ohne Angst offen leben und arbeiten k\u00f6nnen.<\/li>\n<li>LGBTIQ+ Personen m\u00fcssen einen diskriminierungsfreien Zugang zu allen Handlungs- und Berufsfeldern in der Kirche erhalten.<\/li>\n<li>Das kirchliche Arbeitsrecht muss ge\u00e4ndert werden. Ein offenes Leben entsprechend der eigenen sexuellen Orientierung und der geschlechtlichen Identit\u00e4t, auch in einer Partnerschaft beziehungsweise Zivilehe, darf niemals als Loyalit\u00e4tsversto\u00df oder K\u00fcndigungsgrund gewertet werden.<\/li>\n<li>Diffamierende und nicht zeitgem\u00e4\u00dfe Aussagen der kirchlichen Lehre zu Geschlechtlichkeit und Sexualit\u00e4t m\u00fcssen auf Grundlage theologischer und humanwissenschaftlicher Erkenntnisse revidiert werden. Dies ist besonders in Anbetracht weltweiter kirchlicher Verantwortung f\u00fcr die Menschenrechte von LGBTIQ+ Personen von h\u00f6chster Relevanz.<\/li>\n<li>Die Kirche darf LGBTIQ+ Personen bzw. -Paaren den Segen Gottes sowie den Zugang zu den Sakramenten nicht vorenthalten.<\/li>\n<li>Eine Kirche, die sich auf Jesus und seine Botschaft beruft, muss jeder Form von Diskriminierung entschieden entgegentreten und eine Kultur der Diversit\u00e4t f\u00f6rdern.<\/li>\n<li>Im Umgang mit LGBTIQ+ Personen hat die Kirche im Laufe ihrer Geschichte viel Leid verursacht. Wir erwarten, dass die Bisch\u00f6fe daf\u00fcr im Namen der Kirche Verantwortung \u00fcbernehmen, die institutionelle Schuldgeschichte aufarbeiten und sich f\u00fcr die von uns geforderten Ver\u00e4nderungen einsetzen<\/li>\n<\/ol>\n<p>Es gibt bereits viele Verschiedene<strong> Organisationen<\/strong> um die LGBTQ+-Community in der katholischen Kirche zu unterst\u00fctzen, wie das <a href=\"https:\/\/regenbogenforum.de\/lsbt\/\">Katholische LSBT* Komitee<\/a>, die HSK oder die <a href=\"http:\/\/www.westh.de\/AG_Schwule_Theologie\/Willkommen.html\">AG Schwule Theologie e.V.<\/a>.<\/p>\n<p>Bereits kleine Taten, wie das Unterschreiben der Petition oder das Einf\u00fchren geschlechtssensibler Literatur in Kindertagesst\u00e4tten, k\u00f6nnen helfen die Vielfalt in der katholischen Kirche zu etablieren und zu normalisieren.<\/p>\n<p>Anton Becker \u2013 P\u00e4dagogische Unterst\u00fctzung im Studium<\/p>\n<hr \/>\n<p><span style=\"color: #6b8e23;\">Literaturempfehlungen:<\/span><\/p>\n<p><span style=\"color: #6b8e23;\">F\u00fcr Klein:\u00a0<\/span><\/p>\n<ul>\n<li><a href=\"https:\/\/www.fischerverlage.de\/buch\/jessica-walton-teddy-tilly-9783737354301\">Teddy Tilly \u2013 Jessica Walton &amp; Dougal Allan Macpherson<\/a><\/li>\n<li><a href=\"https:\/\/www.perlentaucher.de\/buch\/linda-de-haan-stern-nijland\/koenig-und-koenig.html\">K\u00f6nig und K\u00f6nig &#8211; Linda de Haan &amp; Stern Nijland<\/a><\/li>\n<li><a href=\"https:\/\/www.knesebeck-verlag.de\/julian_ist_eine_meerjungfrau\/t-1\/847\">Julian ist eine Meerjungfrau \u2013 Jessica Love<\/a><\/li>\n<li><a href=\"https:\/\/www.penguinrandomhouse.de\/Buch\/Ein-Baby-Wie-eine-Familie-entsteht\/Rachel-Greener\/Penguin-Junior\/e590441.rhd?gadsnetwork=g&amp;gclid=CjwKCAiA6seQBhAfEiwAvPqu177gRD4Zmn6Z7HzEOkxtFPfVMenvvSK4-Vca3eHp2wiqXvkWl_iDTRoCGi8QAvD_BwE\">Ein Baby! Wie eine Familie entsteht<\/a><\/li>\n<\/ul>\n<p><span style=\"color: #6b8e23;\">F\u00fcr Gro\u00df:<\/span><\/p>\n<ul>\n<li><a href=\"https:\/\/www.rowohlt.de\/buch\/linus-giese-ich-bin-linus-9783499003127\">Ich bin Linus \u2013 Linus Giese<\/a><\/li>\n<li><a href=\"https:\/\/www.suhrkamp.de\/buch\/mark-gevisser-die-pinke-linie-t-9783518429884\">Die pinke Linie \u2013 Mark Gevisser<\/a><\/li>\n<li><a href=\"https:\/\/www.unrast-verlag.de\/neuerscheinungen\/gender-kram-detail\">Gender-Kram: Illustrationen und Stimmen zu Geschlecht \u2013 Louie L\u00e4uger<\/a><\/li>\n<\/ul>\n<hr \/>\n\n\n<div class=\"wp-block-file aligncenter\"><a href=\"https:\/\/burscheid-sonnenblume.de\/wp-content\/uploads\/2022\/02\/Sexuelle-Geschlechtliche-Vielfalt.pdf\">Download: Offener Brief\/ Beitrag Sexuelle-Geschlechtliche-Vielfalt von Anton<\/a><a href=\"https:\/\/burscheid-sonnenblume.de\/wp-content\/uploads\/2022\/02\/Sexuelle-Geschlechtliche-Vielfalt.pdf\" class=\"wp-block-file__button\" download>Herunterladen als PDF<\/a><\/div>\n\n\n\n<hr class=\"wp-block-separator\"\/>\n\n\n\n<hr class=\"wp-block-separator\"\/>\n\n\n<div id=\"mtphr-dnt-6562\" class=\"mtphr-dnt mtphr-dnt-6562 mtphr-dnt-default mtphr-dnt-list\"><div class=\"mtphr-dnt-wrapper mtphr-dnt-clearfix\"><div class=\"mtphr-dnt-tick-container\"><div class=\"mtphr-dnt-tick-contents\"><div class=\"mtphr-dnt-tick mtphr-dnt-default-tick mtphr-dnt-clearfix \"><table class=\"mtphr-dnt-grid\"><tr class=\"mtphr-dnt-grid-row mtphr-dnt-grid-row-1\"><td class=\"mtphr-dnt-grid-item mtphr-dnt-grid-item-1 mtphr-dnt-grid-item-default\" style=\"padding:5px;\"><blockquote class=\"wp-embedded-content\" data-secret=\"nEfxMPOppB\"><a href=\"https:\/\/burscheid-sonnenblume.de\/?p=5799\">Vielfalt macht unsere Gesellschaft bunt!<\/a><\/blockquote><iframe loading=\"lazy\" class=\"wp-embedded-content\" sandbox=\"allow-scripts\" security=\"restricted\" style=\"position: absolute; clip: rect(1px, 1px, 1px, 1px);\" title=\"&#8222;Vielfalt macht unsere Gesellschaft bunt!&#8220; &#8212; F\u00f6rderverein Kindergarten Sonnenblume Hilgen e. V.\" src=\"https:\/\/burscheid-sonnenblume.de\/?p=5799&#038;embed=true#?secret=nEfxMPOppB\" data-secret=\"nEfxMPOppB\" width=\"600\" height=\"338\" frameborder=\"0\" marginwidth=\"0\" marginheight=\"0\" scrolling=\"no\"><\/iframe><\/td><td class=\"mtphr-dnt-grid-item mtphr-dnt-grid-item-2\" style=\"padding:5px;\"><\/td><\/tr><\/table><\/div><\/div><\/div><div class=\"mtphr-dnt-tick-paging\" style=\"margin-top:10px;\"><\/div><\/div><\/div>\n","protected":false},"excerpt":{"rendered":"<p>Wie sieht es denn nun eigentlich aus mit\u00a0sexueller und\u00a0geschlechtlicher Vielfalt in der katholischen Kirche und katholischen Organisationen wie der Caritas? Mir selbst, als Teil der LGBTQ+-Community und als Teil der katholischen Kirche liegt das Thema sehr nahe. Am 18.05.2021 schrieb<\/p>\n","protected":false},"author":1,"featured_media":6555,"comment_status":"closed","ping_status":"closed","sticky":false,"template":"","format":"standard","meta":{"footnotes":""},"categories":[1],"tags":[],"class_list":["post-6552","post","type-post","status-publish","format-standard","has-post-thumbnail","hentry","category-uncategorized"],"_links":{"self":[{"href":"https:\/\/burscheid-sonnenblume.de\/index.php?rest_route=\/wp\/v2\/posts\/6552","targetHints":{"allow":["GET"]}}],"collection":[{"href":"https:\/\/burscheid-sonnenblume.de\/index.php?rest_route=\/wp\/v2\/posts"}],"about":[{"href":"https:\/\/burscheid-sonnenblume.de\/index.php?rest_route=\/wp\/v2\/types\/post"}],"author":[{"embeddable":true,"href":"https:\/\/burscheid-sonnenblume.de\/index.php?rest_route=\/wp\/v2\/users\/1"}],"replies":[{"embeddable":true,"href":"https:\/\/burscheid-sonnenblume.de\/index.php?rest_route=%2Fwp%2Fv2%2Fcomments&post=6552"}],"version-history":[{"count":16,"href":"https:\/\/burscheid-sonnenblume.de\/index.php?rest_route=\/wp\/v2\/posts\/6552\/revisions"}],"predecessor-version":[{"id":6575,"href":"https:\/\/burscheid-sonnenblume.de\/index.php?rest_route=\/wp\/v2\/posts\/6552\/revisions\/6575"}],"wp:featuredmedia":[{"embeddable":true,"href":"https:\/\/burscheid-sonnenblume.de\/index.php?rest_route=\/wp\/v2\/media\/6555"}],"wp:attachment":[{"href":"https:\/\/burscheid-sonnenblume.de\/index.php?rest_route=%2Fwp%2Fv2%2Fmedia&parent=6552"}],"wp:term":[{"taxonomy":"category","embeddable":true,"href":"https:\/\/burscheid-sonnenblume.de\/index.php?rest_route=%2Fwp%2Fv2%2Fcategories&post=6552"},{"taxonomy":"post_tag","embeddable":true,"href":"https:\/\/burscheid-sonnenblume.de\/index.php?rest_route=%2Fwp%2Fv2%2Ftags&post=6552"}],"curies":[{"name":"wp","href":"https:\/\/api.w.org\/{rel}","templated":true}]}}