{"id":6495,"date":"2022-02-01T17:05:45","date_gmt":"2022-02-01T16:05:45","guid":{"rendered":"https:\/\/burscheid-sonnenblume.de\/?p=6495"},"modified":"2022-02-07T22:11:48","modified_gmt":"2022-02-07T21:11:48","slug":"update-vom-dienstag-02-02-2022-kinderimpfaktionswoche-vom-04-02-12-02-2022","status":"publish","type":"post","link":"https:\/\/burscheid-sonnenblume.de\/?p=6495","title":{"rendered":"Kinderimpfaktionswoche vom 04.02.- 12.02.2022"},"content":{"rendered":"\n<div class=\"wp-block-image\"><figure class=\"aligncenter size-large\"><img decoding=\"async\" src=\"https:\/\/burscheid-sonnenblume.de\/wp-content\/uploads\/2022\/02\/Bildschirmfoto-2022-02-07-um-22.09.44-1024x349.png\" alt=\"\" class=\"wp-image-6514\" width=\"NaN\" height=\"NaN\" srcset=\"https:\/\/burscheid-sonnenblume.de\/wp-content\/uploads\/2022\/02\/Bildschirmfoto-2022-02-07-um-22.09.44-1024x349.png 1024w, https:\/\/burscheid-sonnenblume.de\/wp-content\/uploads\/2022\/02\/Bildschirmfoto-2022-02-07-um-22.09.44-300x102.png 300w, https:\/\/burscheid-sonnenblume.de\/wp-content\/uploads\/2022\/02\/Bildschirmfoto-2022-02-07-um-22.09.44-768x262.png 768w, https:\/\/burscheid-sonnenblume.de\/wp-content\/uploads\/2022\/02\/Bildschirmfoto-2022-02-07-um-22.09.44-1536x524.png 1536w, https:\/\/burscheid-sonnenblume.de\/wp-content\/uploads\/2022\/02\/Bildschirmfoto-2022-02-07-um-22.09.44.png 1794w\" sizes=\"(max-width: 1024px) 100vw, 1024px\" \/><\/figure><\/div>\n\n\n\n<p>Liebe Eltern,<br>liebe Besucher, anbei die Nachricht von Herrn Landrat Stephan Santelmann, die uns heute mit der Bitte um Weiterleitung an die Elternschaft, erreicht hat.<br><\/p>\n\n\n\n<p>Gleichfalls anbei die Anlagen mit kindgerechten Informatonen zur Kinderimpfung. <\/p>\n\n\n\n<p>&#8220;Liebe Eltern, liebe Lehrkr\u00e4fte, liebe Kita-Leitungen, liebe Erzieherinnen und Erzieher, liebe Besch\u00e4ftigte in den Kindertageseinrichtungen, liebe Kindertagespflegepersonen<\/p>\n\n\n\n<p>Der Expertenrat der Bundesregierung und die \u00fcberw\u00e4ltigende Mehrheit der Wissenschaftlerinnen und Wissenschaftler weisen darauf hin, dass Omikron erheblich ansteckender als bisherige Virusvarianten ist und wir insgesamt mit gr\u00f6\u00dfter Vorsicht und Achtsamkeit dieses neue Jahr beginnen m\u00fcssen.<\/p>\n\n\n\n<p>Aktuell nimmt die H\u00e4ufung von Infektionen durch die Omikron Variante, trotz intensiver Testungen, speziell in Schulen, Kitas und Pflegeeinrichtungen exponentiell zu.<\/p>\n\n\n\n<p><\/p>\n\n\n\n<p>Der sicherste Weg sein Kind vor einem schweren Verlauf zu bewahren, ist und bleibt die Impfung. Der Rheinisch Bergische Kreis bietet daher in seinen 7 Impfstellen in einer konzertierten Kinderimpfaktionswoche vom <strong>04.02. &#8211; 12.02.22<\/strong> Terminbuchungen f\u00fcr Erst- und Zweitimpfungen an. Meine dringende Bitte: Zeigen Sie sich solidarisch. Lassen Sie sich und Ihre Kinder impfen und nehmen Sie schnellstm\u00f6glich unsere Impfangebote wahr. <\/p>\n\n\n\n<p>Sie bieten den besten Schutz vor schweren Verl\u00e4ufen und Ansteckungen. Dies gilt insbesondere f\u00fcr die kleinsten Kinder, die unser aller Schutz bed\u00fcrfen. Weitere Aufkl\u00e4rungsinformationen finden Sie in der Anlage. <\/p>\n\n\n\n<p><\/p>\n\n\n\n<p>Hier geht es zur Terminbuchung:<\/p>\n\n\n\n<p>Impftermin Rheinisch-Bergischer Kreis (<a href=\"http:\/\/impfung-rbk.de\">impfung-rbk.de<\/a>)<\/p>\n\n\n\n<p>F\u00fcr R\u00fcckfragen steht Ihnen das KoCI Team des Rheinisch Bergischen Kreises gerne zur Verf\u00fcgung.<\/p>\n\n\n\n<p>Tel.: 0 22 02 13-2006<\/p>\n\n\n\n<p>E-Mail: <a href=\"Koordination.IZ@rbk-online.de\">Koordination.IZ@rbk-online.de<\/a><\/p>\n\n\n\n<p><\/p>\n\n\n\n<p>Mit freundlichen Gr\u00fc\u00dfen<\/p>\n\n\n\n<p>Stephan Santelmann<\/p>\n\n\n\n<div class=\"wp-block-columns is-layout-flex wp-container-core-columns-is-layout-1 wp-block-columns-is-layout-flex\">\n<div class=\"wp-block-column is-layout-flow wp-block-column-is-layout-flow\">\n<div data-wp-interactive=\"core\/file\" class=\"wp-block-file\"><object data-wp-bind--hidden=\"!state.hasPdfPreview\" hidden class=\"wp-block-file__embed\" data=\"https:\/\/burscheid-sonnenblume.de\/wp-content\/uploads\/2022\/02\/3-kindercomic-wie-wie-uns-durchs-impfen-schuetzen-koennen.pdf\" type=\"application\/pdf\" style=\"width:100%;height:600px\" aria-label=\"Einbettung von Einbettung von Kindercomic wie wir uns durchs impfen schuetzen koennen..\"><\/object><a href=\"https:\/\/burscheid-sonnenblume.de\/wp-content\/uploads\/2022\/02\/3-kindercomic-wie-wie-uns-durchs-impfen-schuetzen-koennen.pdf\">Kindercomic wie wir uns durchs impfen schuetzen koennen<\/a><a href=\"https:\/\/burscheid-sonnenblume.de\/wp-content\/uploads\/2022\/02\/3-kindercomic-wie-wie-uns-durchs-impfen-schuetzen-koennen.pdf\" class=\"wp-block-file__button\" download>Herunterladen<\/a><\/div>\n<\/div>\n\n\n\n<div class=\"wp-block-column is-layout-flow wp-block-column-is-layout-flow\">\n<div data-wp-interactive=\"core\/file\" class=\"wp-block-file\"><object data-wp-bind--hidden=\"!state.hasPdfPreview\" hidden class=\"wp-block-file__embed\" data=\"https:\/\/burscheid-sonnenblume.de\/wp-content\/uploads\/2022\/02\/2-impfwissen-fuer-kinder-5-11jahre.pdf\" type=\"application\/pdf\" style=\"width:100%;height:600px\" aria-label=\"Einbettung von Einbettung von Impfwissen fuer Kinder 5-11 Jahre..\"><\/object><a href=\"https:\/\/burscheid-sonnenblume.de\/wp-content\/uploads\/2022\/02\/2-impfwissen-fuer-kinder-5-11jahre.pdf\">Impfwissen fuer Kinder 5-11 Jahre<\/a><a href=\"https:\/\/burscheid-sonnenblume.de\/wp-content\/uploads\/2022\/02\/2-impfwissen-fuer-kinder-5-11jahre.pdf\" class=\"wp-block-file__button\" download>Herunterladen<\/a><\/div>\n<\/div>\n\n\n\n<div class=\"wp-block-column is-layout-flow wp-block-column-is-layout-flow\">\n<div data-wp-interactive=\"core\/file\" class=\"wp-block-file\"><object data-wp-bind--hidden=\"!state.hasPdfPreview\" hidden class=\"wp-block-file__embed\" data=\"https:\/\/burscheid-sonnenblume.de\/wp-content\/uploads\/2022\/02\/1-familienleitfaden-eineentscheidungshilfe-version3.0.pdf\" type=\"application\/pdf\" style=\"width:100%;height:600px\" aria-label=\"Einbettung von Einbettung von Familienleitfaden eine Entscheidungshilfe Version 3.0..\"><\/object><a href=\"https:\/\/burscheid-sonnenblume.de\/wp-content\/uploads\/2022\/02\/1-familienleitfaden-eineentscheidungshilfe-version3.0.pdf\">Familienleitfaden eine Entscheidungshilfe Version 3.0<\/a><a href=\"https:\/\/burscheid-sonnenblume.de\/wp-content\/uploads\/2022\/02\/1-familienleitfaden-eineentscheidungshilfe-version3.0.pdf\" class=\"wp-block-file__button\" download>Herunterladen<\/a><\/div>\n<\/div>\n<\/div>\n\n\n\n<p><\/p>\n\n\n\n<p><\/p>\n\n\n\n<p><\/p>\n\n\n\n<p><\/p>\n\n\n\n<p><\/p>\n\n\n\n<p><\/p>\n","protected":false},"excerpt":{"rendered":"<p>Liebe Eltern,liebe Besucher, anbei die Nachricht von Herrn Landrat Stephan Santelmann, die uns heute mit der Bitte um Weiterleitung an die Elternschaft, erreicht hat. Gleichfalls anbei die Anlagen mit kindgerechten Informatonen zur Kinderimpfung. &#8220;Liebe Eltern, liebe Lehrkr\u00e4fte, liebe Kita-Leitungen, liebe<\/p>\n","protected":false},"author":1,"featured_media":6514,"comment_status":"closed","ping_status":"closed","sticky":false,"template":"","format":"standard","meta":{"footnotes":""},"categories":[1],"tags":[],"class_list":["post-6495","post","type-post","status-publish","format-standard","has-post-thumbnail","hentry","category-uncategorized"],"_links":{"self":[{"href":"https:\/\/burscheid-sonnenblume.de\/index.php?rest_route=\/wp\/v2\/posts\/6495","targetHints":{"allow":["GET"]}}],"collection":[{"href":"https:\/\/burscheid-sonnenblume.de\/index.php?rest_route=\/wp\/v2\/posts"}],"about":[{"href":"https:\/\/burscheid-sonnenblume.de\/index.php?rest_route=\/wp\/v2\/types\/post"}],"author":[{"embeddable":true,"href":"https:\/\/burscheid-sonnenblume.de\/index.php?rest_route=\/wp\/v2\/users\/1"}],"replies":[{"embeddable":true,"href":"https:\/\/burscheid-sonnenblume.de\/index.php?rest_route=%2Fwp%2Fv2%2Fcomments&post=6495"}],"version-history":[{"count":4,"href":"https:\/\/burscheid-sonnenblume.de\/index.php?rest_route=\/wp\/v2\/posts\/6495\/revisions"}],"predecessor-version":[{"id":6517,"href":"https:\/\/burscheid-sonnenblume.de\/index.php?rest_route=\/wp\/v2\/posts\/6495\/revisions\/6517"}],"wp:featuredmedia":[{"embeddable":true,"href":"https:\/\/burscheid-sonnenblume.de\/index.php?rest_route=\/wp\/v2\/media\/6514"}],"wp:attachment":[{"href":"https:\/\/burscheid-sonnenblume.de\/index.php?rest_route=%2Fwp%2Fv2%2Fmedia&parent=6495"}],"wp:term":[{"taxonomy":"category","embeddable":true,"href":"https:\/\/burscheid-sonnenblume.de\/index.php?rest_route=%2Fwp%2Fv2%2Fcategories&post=6495"},{"taxonomy":"post_tag","embeddable":true,"href":"https:\/\/burscheid-sonnenblume.de\/index.php?rest_route=%2Fwp%2Fv2%2Ftags&post=6495"}],"curies":[{"name":"wp","href":"https:\/\/api.w.org\/{rel}","templated":true}]}}