{"id":6045,"date":"2021-10-29T09:24:07","date_gmt":"2021-10-29T08:24:07","guid":{"rendered":"https:\/\/burscheid-sonnenblume.de\/?p=6045"},"modified":"2021-10-30T17:14:06","modified_gmt":"2021-10-30T16:14:06","slug":"nachruf-fuer-unseren-buergermeister","status":"publish","type":"post","link":"https:\/\/burscheid-sonnenblume.de\/?p=6045","title":{"rendered":"Nachruf f\u00fcr unseren B\u00fcrgermeister Stefan Caplan"},"content":{"rendered":"\n<blockquote class=\"wp-block-quote is-layout-flow wp-block-quote-is-layout-flow\"><p>\u201eTot ist ein Mensch erst dann, wenn der Letzte, der sich erinnert, gestorben ist.\u201c<\/p><cite>Udo J\u00fcrgens<\/cite><\/blockquote>\n\n\n\n<div class=\"wp-block-image\"><figure class=\"aligncenter size-full\"><img decoding=\"async\" src=\"https:\/\/burscheid-sonnenblume.de\/wp-content\/uploads\/2021\/10\/Caplan.jpg\" alt=\"\" class=\"wp-image-6046\"\/><figcaption>Gemeinsame Vertragsunterzeichnung &#8211; Von der kath. Kirchengemeinde zur Caritas (Januar 2007)<\/figcaption><\/figure><\/div>\n\n\n<p>Wir, die Kinder Eltern und Mitarbeiter:innen der Caritas Kindertagesst\u00e4tte \u201eSonnenblume\u201c sind sehr, sehr traurig und best\u00fcrzt \u00fcber den pl\u00f6tzlichen Tod unseres B\u00fcrgermeisters Herrn Stefan Caplan.<\/p>\n<p>Herr Stefan Caplan hatte jederzeit ein offenes Ohr f\u00fcr die gro\u00dfen und kleinen Anliegen seiner B\u00fcrger.<\/p>\n<p>Wir haben ihn \u00fcber die Dauer seiner Amtszeiten als engagierten, interessierten B\u00fcrgermeister kennen- und sch\u00e4tzen gelernt, der sich mit Herz und Verstand f\u00fcr die Belange seiner gro\u00dfen und kleinen Burscheider B\u00fcrger eingesetzt hat.<\/p>\n<p>Herr Stefan Caplan war ein gro\u00dfer K\u00fcmmerer!<\/p>\n<p>Unsere Gedanken und Gebete sind bei seiner Familie und den Menschen, die ihm nahestanden.<\/p>","protected":false},"excerpt":{"rendered":"<p>\u201eTot ist ein Mensch erst dann, wenn der Letzte, der sich erinnert, gestorben ist.\u201c Udo J\u00fcrgens Wir, die Kinder Eltern und Mitarbeiter:innen der Caritas Kindertagesst\u00e4tte \u201eSonnenblume\u201c sind sehr, sehr traurig und best\u00fcrzt \u00fcber den pl\u00f6tzlichen Tod unseres B\u00fcrgermeisters Herrn Stefan<\/p>\n","protected":false},"author":1,"featured_media":6046,"comment_status":"closed","ping_status":"closed","sticky":false,"template":"","format":"standard","meta":{"footnotes":""},"categories":[1],"tags":[],"class_list":["post-6045","post","type-post","status-publish","format-standard","has-post-thumbnail","hentry","category-uncategorized"],"_links":{"self":[{"href":"https:\/\/burscheid-sonnenblume.de\/index.php?rest_route=\/wp\/v2\/posts\/6045","targetHints":{"allow":["GET"]}}],"collection":[{"href":"https:\/\/burscheid-sonnenblume.de\/index.php?rest_route=\/wp\/v2\/posts"}],"about":[{"href":"https:\/\/burscheid-sonnenblume.de\/index.php?rest_route=\/wp\/v2\/types\/post"}],"author":[{"embeddable":true,"href":"https:\/\/burscheid-sonnenblume.de\/index.php?rest_route=\/wp\/v2\/users\/1"}],"replies":[{"embeddable":true,"href":"https:\/\/burscheid-sonnenblume.de\/index.php?rest_route=%2Fwp%2Fv2%2Fcomments&post=6045"}],"version-history":[{"count":5,"href":"https:\/\/burscheid-sonnenblume.de\/index.php?rest_route=\/wp\/v2\/posts\/6045\/revisions"}],"predecessor-version":[{"id":6052,"href":"https:\/\/burscheid-sonnenblume.de\/index.php?rest_route=\/wp\/v2\/posts\/6045\/revisions\/6052"}],"wp:featuredmedia":[{"embeddable":true,"href":"https:\/\/burscheid-sonnenblume.de\/index.php?rest_route=\/wp\/v2\/media\/6046"}],"wp:attachment":[{"href":"https:\/\/burscheid-sonnenblume.de\/index.php?rest_route=%2Fwp%2Fv2%2Fmedia&parent=6045"}],"wp:term":[{"taxonomy":"category","embeddable":true,"href":"https:\/\/burscheid-sonnenblume.de\/index.php?rest_route=%2Fwp%2Fv2%2Fcategories&post=6045"},{"taxonomy":"post_tag","embeddable":true,"href":"https:\/\/burscheid-sonnenblume.de\/index.php?rest_route=%2Fwp%2Fv2%2Ftags&post=6045"}],"curies":[{"name":"wp","href":"https:\/\/api.w.org\/{rel}","templated":true}]}}