{"id":5001,"date":"2021-02-18T12:34:10","date_gmt":"2021-02-18T11:34:10","guid":{"rendered":"https:\/\/burscheid-sonnenblume.de\/?p=5001"},"modified":"2021-02-18T12:44:33","modified_gmt":"2021-02-18T11:44:33","slug":"familienzentrum-zu-hause","status":"publish","type":"post","link":"https:\/\/burscheid-sonnenblume.de\/?p=5001","title":{"rendered":"Aschermittwoch zu Hause &#038; doch gemeinsam"},"content":{"rendered":"<p><img loading=\"lazy\" decoding=\"async\" class=\" wp-image-2285 alignleft\" src=\"https:\/\/burscheid-sonnenblume.de\/wp-content\/uploads\/2020\/04\/Neue-Bitmap-300x201.jpg\" alt=\"\" width=\"199\" height=\"133\" srcset=\"https:\/\/burscheid-sonnenblume.de\/wp-content\/uploads\/2020\/04\/Neue-Bitmap-300x201.jpg 300w, https:\/\/burscheid-sonnenblume.de\/wp-content\/uploads\/2020\/04\/Neue-Bitmap-768x514.jpg 768w, https:\/\/burscheid-sonnenblume.de\/wp-content\/uploads\/2020\/04\/Neue-Bitmap-1024x685.jpg 1024w\" sizes=\"auto, (max-width: 199px) 100vw, 199px\" \/>Liebe Besucher,<br \/>\nes sind besondere Zeiten in denen wir leben \u2013 um so mehr haben wir uns \u00fcber die Nachricht von Herrn Benjamin Floer gefreut, die wir gerne an Sie weiterleiten.<\/p>\n<p><span style=\"color: #6b8e23;\">Update 17.02.2021<\/span><br \/>\nLiebe Familien am 21.02 um 11 Uhr laden wir herzlich zum n\u00e4chsten Online Kindergottesdienst ein.Hier der Link zum \u201eGottesdienstraum\u201c\u00a0<a href=\"https:\/\/us02web.zoom.us\/j\/87037435389\">https:\/\/us02web.zoom.us\/j\/87037435389<\/a>\u00a0Wir freuen uns auf euch.Benjamin Floer, Pastoralreferent<\/p>\n<p>&#8230;.Sehr geehrte Damen,<br \/>\ngemeinsam mit Frau Nicola Brinkmann habe ich jetzt einige Angebote f\u00fcr Kinder und Eltern auf unsere Familienzentrumsseite f\u00fcr die Zeit des Lockdown gestellt. Besonders hinweisen m\u00f6chte ich auf die drei M\u00e4rchen, die Frau Brinkmann in Videos erz\u00e4hlt hat.<\/p>\n<p>Demn\u00e4chst erscheinen auf der Seite auch neue Hinweise zu Kindergottesdiensten in der Fastenzeit.<\/p>\n<p><a href=\"https:\/\/www.wermelskirche-kath.de\/gemeinde-fuer-sie\/Kinder-und-Jugend\/familienzentrum\/\">https:\/\/www.wermelskirche-kath.de\/gemeinde-fuer-sie\/Kinder-und-Jugend\/familienzentrum\/<\/a><\/p>\n<p><img loading=\"lazy\" decoding=\"async\" id=\"x__x0000_i1027\" class=\"\" src=\"https:\/\/d36urhup7zbd7q.cloudfront.net\/4961247499911168\/5894493165453312.gif?ck=1573626848.0\" width=\"208\" height=\"70\" border=\"0\" data-imagetype=\"External\" \/><br \/>\nviele Gr\u00fc\u00dfe Benjamin Floer<\/p>\n","protected":false},"excerpt":{"rendered":"<p>Liebe Besucher, es sind besondere Zeiten in denen wir leben \u2013 um so mehr haben wir uns \u00fcber die Nachricht von Herrn Benjamin Floer gefreut, die wir gerne an Sie weiterleiten. Update 17.02.2021 Liebe Familien am 21.02 um 11 Uhr<\/p>\n","protected":false},"author":1,"featured_media":2024,"comment_status":"closed","ping_status":"closed","sticky":false,"template":"","format":"standard","meta":{"footnotes":""},"categories":[1],"tags":[],"class_list":["post-5001","post","type-post","status-publish","format-standard","has-post-thumbnail","hentry","category-uncategorized"],"_links":{"self":[{"href":"https:\/\/burscheid-sonnenblume.de\/index.php?rest_route=\/wp\/v2\/posts\/5001","targetHints":{"allow":["GET"]}}],"collection":[{"href":"https:\/\/burscheid-sonnenblume.de\/index.php?rest_route=\/wp\/v2\/posts"}],"about":[{"href":"https:\/\/burscheid-sonnenblume.de\/index.php?rest_route=\/wp\/v2\/types\/post"}],"author":[{"embeddable":true,"href":"https:\/\/burscheid-sonnenblume.de\/index.php?rest_route=\/wp\/v2\/users\/1"}],"replies":[{"embeddable":true,"href":"https:\/\/burscheid-sonnenblume.de\/index.php?rest_route=%2Fwp%2Fv2%2Fcomments&post=5001"}],"version-history":[{"count":4,"href":"https:\/\/burscheid-sonnenblume.de\/index.php?rest_route=\/wp\/v2\/posts\/5001\/revisions"}],"predecessor-version":[{"id":5006,"href":"https:\/\/burscheid-sonnenblume.de\/index.php?rest_route=\/wp\/v2\/posts\/5001\/revisions\/5006"}],"wp:featuredmedia":[{"embeddable":true,"href":"https:\/\/burscheid-sonnenblume.de\/index.php?rest_route=\/wp\/v2\/media\/2024"}],"wp:attachment":[{"href":"https:\/\/burscheid-sonnenblume.de\/index.php?rest_route=%2Fwp%2Fv2%2Fmedia&parent=5001"}],"wp:term":[{"taxonomy":"category","embeddable":true,"href":"https:\/\/burscheid-sonnenblume.de\/index.php?rest_route=%2Fwp%2Fv2%2Fcategories&post=5001"},{"taxonomy":"post_tag","embeddable":true,"href":"https:\/\/burscheid-sonnenblume.de\/index.php?rest_route=%2Fwp%2Fv2%2Ftags&post=5001"}],"curies":[{"name":"wp","href":"https:\/\/api.w.org\/{rel}","templated":true}]}}