{"id":4499,"date":"2021-01-11T21:41:00","date_gmt":"2021-01-11T20:41:00","guid":{"rendered":"https:\/\/burscheid-sonnenblume.de\/?p=4499"},"modified":"2021-01-21T21:53:07","modified_gmt":"2021-01-21T20:53:07","slug":"anpassung-der-betreuungszeiten-im-eingeschraenkten-pandemiebetrieb","status":"publish","type":"post","link":"https:\/\/burscheid-sonnenblume.de\/?p=4499","title":{"rendered":"Anpassung der Betreuungszeiten im eingeschr\u00e4nkten Pandemiebetrieb"},"content":{"rendered":"<div class=\"page\" title=\"Page 1\">\n<div class=\"layoutArea\">\n<div class=\"column\">\n<h5><span style=\"color: #6b8e23;\"><img loading=\"lazy\" decoding=\"async\" class=\"size-medium wp-image-3410 aligncenter\" src=\"https:\/\/burscheid-sonnenblume.de\/wp-content\/uploads\/2020\/06\/kids-1099709_1280-e1602422868989-300x139.jpg\" alt=\"\" width=\"300\" height=\"139\" srcset=\"https:\/\/burscheid-sonnenblume.de\/wp-content\/uploads\/2020\/06\/kids-1099709_1280-e1602422868989-300x139.jpg 300w, https:\/\/burscheid-sonnenblume.de\/wp-content\/uploads\/2020\/06\/kids-1099709_1280-e1602422868989-768x355.jpg 768w, https:\/\/burscheid-sonnenblume.de\/wp-content\/uploads\/2020\/06\/kids-1099709_1280-e1602422868989-1024x473.jpg 1024w, https:\/\/burscheid-sonnenblume.de\/wp-content\/uploads\/2020\/06\/kids-1099709_1280-e1602422868989.jpg 1254w\" sizes=\"auto, (max-width: 300px) 100vw, 300px\" \/>Anpassung der Betreuungszeiten im eingeschr\u00e4nkten Pandemiebetrieb vom 11. 01.2021 bis 14. 02.2021<\/span><\/h5>\n<div class=\"page\" title=\"Page 1\">\n<div class=\"layoutArea\">\n<div class=\"column\">\n<p>Solange die personalle Situation sowie die Kinderzahlen es erlauben m\u00f6chten wir ab sofort bis zum 14.02.2021 unsere Betreuungszeiten im eingeschr\u00e4nkten Pandemiebetrieb wie folgt anpassen:<\/p>\n<ul>\n<li>F\u00fcr die Tagesst\u00e4ttenkinder mit <strong>45 Wochenstunden<\/strong> \u00f6ffnen wir die Einrichtung um <strong>7:00 Uhr<\/strong> und die Betreuung endet um <strong>14:30 Uhr<\/strong><\/li>\n<li>F\u00fcr die Blockkinder mit <strong>35 Wochenstunden<\/strong> \u00f6ffnen wir die Einrichtung um <strong>7:00 Uhr<\/strong> und die Betreuung endet um <strong>12:30 Uhr<\/strong><\/li>\n<li><span style=\"font-size: inherit;\">F\u00fcr die Vormittagskinder mit <strong>25 Wochenstunden<\/strong> \u00f6ffnen wir die Einrichtung um <strong>8:00 Uhr<\/strong> und die Betreuung endet um <strong>11:15 Uhr.<\/strong><\/span><\/li>\n<\/ul>\n<\/div>\n<\/div>\n<\/div>\n<p>Bei R\u00fcckfragen stehen wir Ihnen gerne zur Verf\u00fcgung.<\/p>\n<p>\u00a0<\/p>\n<\/div>\n<\/div>\n<\/div>\n\n\n<p><\/p>\n","protected":false},"excerpt":{"rendered":"<p>Anpassung der Betreuungszeiten im eingeschr\u00e4nkten Pandemiebetrieb vom 11. 01.2021 bis 14. 02.2021 Solange die personalle Situation sowie die Kinderzahlen es erlauben m\u00f6chten wir ab sofort bis zum 14.02.2021 unsere Betreuungszeiten im eingeschr\u00e4nkten Pandemiebetrieb wie folgt anpassen: F\u00fcr die Tagesst\u00e4ttenkinder mit<\/p>\n","protected":false},"author":1,"featured_media":3410,"comment_status":"closed","ping_status":"closed","sticky":false,"template":"","format":"standard","meta":{"footnotes":""},"categories":[1],"tags":[],"class_list":["post-4499","post","type-post","status-publish","format-standard","has-post-thumbnail","hentry","category-uncategorized"],"_links":{"self":[{"href":"https:\/\/burscheid-sonnenblume.de\/index.php?rest_route=\/wp\/v2\/posts\/4499","targetHints":{"allow":["GET"]}}],"collection":[{"href":"https:\/\/burscheid-sonnenblume.de\/index.php?rest_route=\/wp\/v2\/posts"}],"about":[{"href":"https:\/\/burscheid-sonnenblume.de\/index.php?rest_route=\/wp\/v2\/types\/post"}],"author":[{"embeddable":true,"href":"https:\/\/burscheid-sonnenblume.de\/index.php?rest_route=\/wp\/v2\/users\/1"}],"replies":[{"embeddable":true,"href":"https:\/\/burscheid-sonnenblume.de\/index.php?rest_route=%2Fwp%2Fv2%2Fcomments&post=4499"}],"version-history":[{"count":6,"href":"https:\/\/burscheid-sonnenblume.de\/index.php?rest_route=\/wp\/v2\/posts\/4499\/revisions"}],"predecessor-version":[{"id":4507,"href":"https:\/\/burscheid-sonnenblume.de\/index.php?rest_route=\/wp\/v2\/posts\/4499\/revisions\/4507"}],"wp:featuredmedia":[{"embeddable":true,"href":"https:\/\/burscheid-sonnenblume.de\/index.php?rest_route=\/wp\/v2\/media\/3410"}],"wp:attachment":[{"href":"https:\/\/burscheid-sonnenblume.de\/index.php?rest_route=%2Fwp%2Fv2%2Fmedia&parent=4499"}],"wp:term":[{"taxonomy":"category","embeddable":true,"href":"https:\/\/burscheid-sonnenblume.de\/index.php?rest_route=%2Fwp%2Fv2%2Fcategories&post=4499"},{"taxonomy":"post_tag","embeddable":true,"href":"https:\/\/burscheid-sonnenblume.de\/index.php?rest_route=%2Fwp%2Fv2%2Ftags&post=4499"}],"curies":[{"name":"wp","href":"https:\/\/api.w.org\/{rel}","templated":true}]}}