{"id":4471,"date":"2021-01-15T14:19:19","date_gmt":"2021-01-15T13:19:19","guid":{"rendered":"https:\/\/burscheid-sonnenblume.de\/?p=4471"},"modified":"2021-01-15T14:20:57","modified_gmt":"2021-01-15T13:20:57","slug":"links-webadressen-mit-kindgerechten-inhalten","status":"publish","type":"post","link":"https:\/\/burscheid-sonnenblume.de\/?p=4471","title":{"rendered":"Links- &#038; Webadressen mit kindgerechten Inhalten"},"content":{"rendered":"<p><img loading=\"lazy\" decoding=\"async\" class=\"size-medium wp-image-4472 alignleft\" src=\"https:\/\/burscheid-sonnenblume.de\/wp-content\/uploads\/2021\/01\/house-4952706_640-300x200.jpg\" alt=\"\" width=\"300\" height=\"200\" srcset=\"https:\/\/burscheid-sonnenblume.de\/wp-content\/uploads\/2021\/01\/house-4952706_640-300x200.jpg 300w, https:\/\/burscheid-sonnenblume.de\/wp-content\/uploads\/2021\/01\/house-4952706_640.jpg 640w\" sizes=\"auto, (max-width: 300px) 100vw, 300px\" \/>Liebe Eltern,<br \/>\nliebe Besucher,<\/p>\n<p>inzwischen sind die ersten Tage im eingeschr\u00e4nkten Pandemiebetrieb angelaufen. Die Anzahl der Kinder, die eine Betreuung beanspruchen, variiert von Tag zu Tag und von Gruppe zu Gruppe stark. Anhand der R\u00fcckmeldungen der Eltern sehen wir, dass ab der kommenden Woche weitere Familien das Angebot der Notbetreuung f\u00fcr ihre Kinder in Anspruch nehmen m\u00fcssen. Insgesamt entspricht die Auswertung der Kinderzahlen, unter Ber\u00fccksichtigung der zu erwartenden Belegung bis zum 31. Januar 2021, einer Quote von 60 % bis 70 % (Tendenz steigend).<br \/>\nDie Einhaltung der strengen beh\u00f6rdlichen Auflagen sowie Vorgaben des Ministeriums erfordern einen hohen personellen Einsatz. Die beschriebene Situation ist daf\u00fcr verantwortlich, dass wir f\u00fcr die Kinder, die zu Hause betreut werden, nicht wie im ersten Fr\u00fchjahrs-Shutdown 2020 einen <a href=\"https:\/\/burscheid-sonnenblume.de\/?page_id=1961\">Corona Ferien Newsletter<\/a> erstellen oder den <a href=\"https:\/\/burscheid-sonnenblume.de\/?page_id=2999\">Sonnenblumen LIVE Aktionen<\/a> via Video Konferenz aus der Kita \u201eSonnenblume\u201c anbieten k\u00f6nnen.<br \/>\nNachfolgend haben wir Ihnen ausgew\u00e4hlte kindgerechte Links mit Angeboten zusammengestellt, die den Kindern sicherlich gefallen und sie ein wenig entlasten.<\/p>\n<ul>\n<li><a href=\"http:\/\/www.blindekuh.de\">www.blindekuh.de <\/a>&#8211; gro\u00dfes deutsches Kinder-Suchportal mit Inhalten und weiteren Web-Tipps speziell f\u00fcr Kinder)<\/li>\n<li><a href=\"http:\/\/www.fragfinn.de\">www.fragfinn.de<\/a> &#8211; Suchmaschine f\u00fcr Kinder bis 12 Jahre, mit auf Kinder ausgerichtete Inhalte<\/li>\n<li><a href=\"http:\/\/www.tuxpaint.org\">www.tuxpaint.org<\/a> &#8211; Malprogramm das auf Kleinkinder ausgerichtet ist<\/li>\n<li><a href=\"http:\/\/www.wdrmaus.de\">www.wdrmaus.de<\/a> &#8211; Sendung mit der Maus online, mit Podcasts, H\u00f6rspiele, Videos u.v.m.<\/li>\n<li><a href=\"https:\/\/www.newniq.com\/allgemein\/malvorlagen-fuer-kinder-gegen-den-corona-kollar\/\">https:\/\/www.newniq.com\/allgemein\/malvorlagen-fuer-kinder-gegen-den-corona-kollar\/<\/a> &#8211; Malvorlagen gegen den Corona-Kollar<\/li>\n<li><a href=\"https:\/\/berlinmitkind.de\/familienleben\/gesundheit\/sport-furs-kinderzimmer\/\">https:\/\/berlinmitkind.de\/familienleben\/gesundheit\/sport-furs-kinderzimmer\/<\/a> &#8211; Videos und Anleitungen f\u00fcr ein wenig Bewegung und Sport im h\u00e4uslichen Rahmen mit Kindern<\/li>\n<li><a href=\"https:\/\/us02web.zoom.us\/j\/87037435389\">https:\/\/us02web.zoom.us\/j\/87037435389<\/a> &#8211; Online Kinder-Gottesdienst aus der Gemeinde mit dem Pastoralreferenten Herrn Benjamin Floer<br \/>\n(n\u00e4chster Termin 17.01.20201 um 11:00 Uhr)<\/li>\n<\/ul>\n<p>Alles Liebe und Gute, mit einem herzlichen Gru\u00df vom ganzen Team der \u201eSonnenblume\u201c<\/p>\n","protected":false},"excerpt":{"rendered":"<p>Liebe Eltern, liebe Besucher, inzwischen sind die ersten Tage im eingeschr\u00e4nkten Pandemiebetrieb angelaufen. Die Anzahl der Kinder, die eine Betreuung beanspruchen, variiert von Tag zu Tag und von Gruppe zu Gruppe stark. Anhand der R\u00fcckmeldungen der Eltern sehen wir, dass<\/p>\n","protected":false},"author":1,"featured_media":4472,"comment_status":"closed","ping_status":"closed","sticky":false,"template":"","format":"standard","meta":{"footnotes":""},"categories":[1],"tags":[],"class_list":["post-4471","post","type-post","status-publish","format-standard","has-post-thumbnail","hentry","category-uncategorized"],"_links":{"self":[{"href":"https:\/\/burscheid-sonnenblume.de\/index.php?rest_route=\/wp\/v2\/posts\/4471","targetHints":{"allow":["GET"]}}],"collection":[{"href":"https:\/\/burscheid-sonnenblume.de\/index.php?rest_route=\/wp\/v2\/posts"}],"about":[{"href":"https:\/\/burscheid-sonnenblume.de\/index.php?rest_route=\/wp\/v2\/types\/post"}],"author":[{"embeddable":true,"href":"https:\/\/burscheid-sonnenblume.de\/index.php?rest_route=\/wp\/v2\/users\/1"}],"replies":[{"embeddable":true,"href":"https:\/\/burscheid-sonnenblume.de\/index.php?rest_route=%2Fwp%2Fv2%2Fcomments&post=4471"}],"version-history":[{"count":2,"href":"https:\/\/burscheid-sonnenblume.de\/index.php?rest_route=\/wp\/v2\/posts\/4471\/revisions"}],"predecessor-version":[{"id":4474,"href":"https:\/\/burscheid-sonnenblume.de\/index.php?rest_route=\/wp\/v2\/posts\/4471\/revisions\/4474"}],"wp:featuredmedia":[{"embeddable":true,"href":"https:\/\/burscheid-sonnenblume.de\/index.php?rest_route=\/wp\/v2\/media\/4472"}],"wp:attachment":[{"href":"https:\/\/burscheid-sonnenblume.de\/index.php?rest_route=%2Fwp%2Fv2%2Fmedia&parent=4471"}],"wp:term":[{"taxonomy":"category","embeddable":true,"href":"https:\/\/burscheid-sonnenblume.de\/index.php?rest_route=%2Fwp%2Fv2%2Fcategories&post=4471"},{"taxonomy":"post_tag","embeddable":true,"href":"https:\/\/burscheid-sonnenblume.de\/index.php?rest_route=%2Fwp%2Fv2%2Ftags&post=4471"}],"curies":[{"name":"wp","href":"https:\/\/api.w.org\/{rel}","templated":true}]}}