{"id":4446,"date":"2021-01-08T20:24:24","date_gmt":"2021-01-08T19:24:24","guid":{"rendered":"https:\/\/burscheid-sonnenblume.de\/?p=4446"},"modified":"2021-01-08T20:24:58","modified_gmt":"2021-01-08T19:24:58","slug":"das-fest-der-hl-drei-koenige-in-der-kita-sonnenblume","status":"publish","type":"post","link":"https:\/\/burscheid-sonnenblume.de\/?p=4446","title":{"rendered":"Das Fest der hl. drei K\u00f6nige in der Kita Sonnenblume"},"content":{"rendered":"<p><img loading=\"lazy\" decoding=\"async\" class=\"size-medium wp-image-4447 alignleft\" src=\"https:\/\/burscheid-sonnenblume.de\/wp-content\/uploads\/2021\/01\/Heiligen-drei-Koenige-1-300x225.jpg\" alt=\"\" width=\"300\" height=\"225\" srcset=\"https:\/\/burscheid-sonnenblume.de\/wp-content\/uploads\/2021\/01\/Heiligen-drei-Koenige-1-300x225.jpg 300w, https:\/\/burscheid-sonnenblume.de\/wp-content\/uploads\/2021\/01\/Heiligen-drei-Koenige-1.jpg 640w\" sizes=\"auto, (max-width: 300px) 100vw, 300px\" \/>Jedes Jahr am 06.Januar wiederholt sich im Kirchenjahr der Feiertag der heiligen drei K\u00f6nige. Auch in diesem Jahr haben wir in der Kita Sonnenblume diesen kirchlichen Feiertag in unserer reliogonsp\u00e4dagogischen Arbeit mit den Kindern aufgegriffen. An diesem Tag wurde in allen Gruppen der heiligen drei K\u00f6nige gedacht, die in der biblischen Geschichte einem Stern folgten und das Jesuskind in der Krippe fanden. Anhand von altersentsprechenden Bilderb\u00fcchern wurde an die Weihnachtsgeschichte angekn\u00fcpft und die Reise der heiligen drei K\u00f6nige vermittelt. Auch die Kinder der Hasen- der M\u00e4use-, der Hummel-, der Wiesenwichtel- und der Sonnengruppe machten sich auf den Weg in unsere benachbarte Liebfrauenkirche, um es den hl. drei K\u00f6nigen gleich zu tun. So entdeckten die Kinder die aufgestellte Krippe und bewunderten die Figuren von Jesus, Maria, Joseph und den heiligen drei K\u00f6nigen.<\/p>\n<p>Der sch\u00f6ne Brauch in den Gemeinden, dass die Sternsinger ausgesandt werden und von Haus zu Haus ziehen, musste in diesem Jahr leider coronabedingt ausfallen. So wurde auch die Sonnenblume in diesem Jahr nicht pers\u00f6nlich von Kasper, Melchior und Baltasar besucht. Die traditionelle Segensbitte 20*C+M+B*21 (Christus mansionem benedicat = Christus segne dieses Haus) erreichte uns trotzdem in Form von Aufklebern, die Frau Meyer mit Leonard, Noah und Felix aus der Hasengruppe in unserer Sonnenblume verteilte. So hoffen wir mit allen Kindern und Eltern und Mitarbeitern auf ein gesegnetes neues Jahr 2021.<\/p>\n<hr \/>\n<p>\u00a0<\/p>\n\n\n<figure class=\"wp-block-gallery columns-2 is-cropped wp-block-gallery-2 is-layout-flex wp-block-gallery-is-layout-flex\"><ul class=\"blocks-gallery-grid\"><li class=\"blocks-gallery-item\"><figure><img loading=\"lazy\" decoding=\"async\" width=\"1024\" height=\"768\" src=\"https:\/\/burscheid-sonnenblume.de\/wp-content\/uploads\/2021\/01\/IMG_2527-1024x768.jpg\" alt=\"\" data-id=\"4448\" data-full-url=\"https:\/\/burscheid-sonnenblume.de\/wp-content\/uploads\/2021\/01\/IMG_2527-scaled.jpg\" data-link=\"https:\/\/burscheid-sonnenblume.de\/?attachment_id=4448\" class=\"wp-image-4448\" srcset=\"https:\/\/burscheid-sonnenblume.de\/wp-content\/uploads\/2021\/01\/IMG_2527-1024x768.jpg 1024w, https:\/\/burscheid-sonnenblume.de\/wp-content\/uploads\/2021\/01\/IMG_2527-300x225.jpg 300w, https:\/\/burscheid-sonnenblume.de\/wp-content\/uploads\/2021\/01\/IMG_2527-768x576.jpg 768w, https:\/\/burscheid-sonnenblume.de\/wp-content\/uploads\/2021\/01\/IMG_2527-1536x1152.jpg 1536w, https:\/\/burscheid-sonnenblume.de\/wp-content\/uploads\/2021\/01\/IMG_2527-2048x1536.jpg 2048w\" sizes=\"auto, (max-width: 1024px) 100vw, 1024px\" \/><\/figure><\/li><li class=\"blocks-gallery-item\"><figure><img loading=\"lazy\" decoding=\"async\" width=\"1024\" height=\"768\" src=\"https:\/\/burscheid-sonnenblume.de\/wp-content\/uploads\/2021\/01\/IMG_2530-1024x768.jpg\" alt=\"\" data-id=\"4449\" data-full-url=\"https:\/\/burscheid-sonnenblume.de\/wp-content\/uploads\/2021\/01\/IMG_2530-scaled.jpg\" data-link=\"https:\/\/burscheid-sonnenblume.de\/?attachment_id=4449\" class=\"wp-image-4449\" srcset=\"https:\/\/burscheid-sonnenblume.de\/wp-content\/uploads\/2021\/01\/IMG_2530-1024x768.jpg 1024w, https:\/\/burscheid-sonnenblume.de\/wp-content\/uploads\/2021\/01\/IMG_2530-300x225.jpg 300w, https:\/\/burscheid-sonnenblume.de\/wp-content\/uploads\/2021\/01\/IMG_2530-768x576.jpg 768w, https:\/\/burscheid-sonnenblume.de\/wp-content\/uploads\/2021\/01\/IMG_2530-1536x1152.jpg 1536w, https:\/\/burscheid-sonnenblume.de\/wp-content\/uploads\/2021\/01\/IMG_2530-2048x1536.jpg 2048w\" sizes=\"auto, (max-width: 1024px) 100vw, 1024px\" \/><\/figure><\/li><\/ul><\/figure>\n","protected":false},"excerpt":{"rendered":"<p>Jedes Jahr am 06.Januar wiederholt sich im Kirchenjahr der Feiertag der heiligen drei K\u00f6nige. Auch in diesem Jahr haben wir in der Kita Sonnenblume diesen kirchlichen Feiertag in unserer reliogonsp\u00e4dagogischen Arbeit mit den Kindern aufgegriffen. An diesem Tag wurde in<\/p>\n","protected":false},"author":1,"featured_media":4451,"comment_status":"closed","ping_status":"closed","sticky":false,"template":"","format":"standard","meta":{"footnotes":""},"categories":[1],"tags":[],"class_list":["post-4446","post","type-post","status-publish","format-standard","has-post-thumbnail","hentry","category-uncategorized"],"_links":{"self":[{"href":"https:\/\/burscheid-sonnenblume.de\/index.php?rest_route=\/wp\/v2\/posts\/4446","targetHints":{"allow":["GET"]}}],"collection":[{"href":"https:\/\/burscheid-sonnenblume.de\/index.php?rest_route=\/wp\/v2\/posts"}],"about":[{"href":"https:\/\/burscheid-sonnenblume.de\/index.php?rest_route=\/wp\/v2\/types\/post"}],"author":[{"embeddable":true,"href":"https:\/\/burscheid-sonnenblume.de\/index.php?rest_route=\/wp\/v2\/users\/1"}],"replies":[{"embeddable":true,"href":"https:\/\/burscheid-sonnenblume.de\/index.php?rest_route=%2Fwp%2Fv2%2Fcomments&post=4446"}],"version-history":[{"count":3,"href":"https:\/\/burscheid-sonnenblume.de\/index.php?rest_route=\/wp\/v2\/posts\/4446\/revisions"}],"predecessor-version":[{"id":4453,"href":"https:\/\/burscheid-sonnenblume.de\/index.php?rest_route=\/wp\/v2\/posts\/4446\/revisions\/4453"}],"wp:featuredmedia":[{"embeddable":true,"href":"https:\/\/burscheid-sonnenblume.de\/index.php?rest_route=\/wp\/v2\/media\/4451"}],"wp:attachment":[{"href":"https:\/\/burscheid-sonnenblume.de\/index.php?rest_route=%2Fwp%2Fv2%2Fmedia&parent=4446"}],"wp:term":[{"taxonomy":"category","embeddable":true,"href":"https:\/\/burscheid-sonnenblume.de\/index.php?rest_route=%2Fwp%2Fv2%2Fcategories&post=4446"},{"taxonomy":"post_tag","embeddable":true,"href":"https:\/\/burscheid-sonnenblume.de\/index.php?rest_route=%2Fwp%2Fv2%2Ftags&post=4446"}],"curies":[{"name":"wp","href":"https:\/\/api.w.org\/{rel}","templated":true}]}}