{"id":4129,"date":"2020-11-18T11:11:00","date_gmt":"2020-11-18T10:11:00","guid":{"rendered":"https:\/\/burscheid-sonnenblume.de\/?p=4129"},"modified":"2020-11-24T11:22:52","modified_gmt":"2020-11-24T10:22:52","slug":"das-aktualisierte-ganztagskonzept-aus-der-sonnenblume","status":"publish","type":"post","link":"https:\/\/burscheid-sonnenblume.de\/?p=4129","title":{"rendered":"Das aktualisierte Ganztagskonzept aus der Sonnenblume"},"content":{"rendered":"<h5 class=\"x_MsoNormal\"><img loading=\"lazy\" decoding=\"async\" class=\" wp-image-4130 alignleft\" src=\"https:\/\/burscheid-sonnenblume.de\/wp-content\/uploads\/2020\/11\/Bildschirmfoto-2020-11-24-um-11.09.31-209x300.png\" alt=\"\" width=\"199\" height=\"286\" srcset=\"https:\/\/burscheid-sonnenblume.de\/wp-content\/uploads\/2020\/11\/Bildschirmfoto-2020-11-24-um-11.09.31-209x300.png 209w, https:\/\/burscheid-sonnenblume.de\/wp-content\/uploads\/2020\/11\/Bildschirmfoto-2020-11-24-um-11.09.31-713x1024.png 713w, https:\/\/burscheid-sonnenblume.de\/wp-content\/uploads\/2020\/11\/Bildschirmfoto-2020-11-24-um-11.09.31-768x1102.png 768w, https:\/\/burscheid-sonnenblume.de\/wp-content\/uploads\/2020\/11\/Bildschirmfoto-2020-11-24-um-11.09.31.png 836w\" sizes=\"auto, (max-width: 199px) 100vw, 199px\" \/><span style=\"color: #6b8e23;\">Update des Ganztageskonzeptes<\/span><\/h5>\n<p class=\"x_MsoNormal\">Wir halten in der Caritas Kindertagesst\u00e4tte \u201eSonnenblume\u201c komfortablen \u00d6ffnungszeiten von mehr als 50 Wochenstunden vor.\u00a0Regelm\u00e4\u00dfige Bedarfsabfragen best\u00e4tigen den hohen Bedarf einer Ganztagsbetreuung mit flexiblen \u00d6ffnungszeiten.<\/p>\n<p class=\"x_MsoNormal\">Wie und in welcher Form wir bei Inanspruchnahme der flexiblen \u00d6ffnungszeiten den alters- und entwicklungsbezogenen Bed\u00fcrfnissen der Kinder nach Kontinuit\u00e4t und Verl\u00e4sslichkeit nachkommen und den Bindungs- sowie Bildungsprozessen der einzelnen Kindern gerecht werden, \u00a0beschreibt unser aktuelles Ganztagskonzept &#8211; <a href=\"https:\/\/burscheid-sonnenblume.de\/?page_id=631\">dieses finden Sie HIER.<\/a><\/p>\n<p class=\"x_MsoNormal\">Dieses versteht sich als Erg\u00e4nzung des Gesamtkonzeptes der Caritas Kindertagesst\u00e4tte \u201eSonnenblume\u201c.<\/p>\n","protected":false},"excerpt":{"rendered":"<p>Update des Ganztageskonzeptes Wir halten in der Caritas Kindertagesst\u00e4tte \u201eSonnenblume\u201c komfortablen \u00d6ffnungszeiten von mehr als 50 Wochenstunden vor.\u00a0Regelm\u00e4\u00dfige Bedarfsabfragen best\u00e4tigen den hohen Bedarf einer Ganztagsbetreuung mit flexiblen \u00d6ffnungszeiten. Wie und in welcher Form wir bei Inanspruchnahme der flexiblen \u00d6ffnungszeiten den<\/p>\n","protected":false},"author":1,"featured_media":636,"comment_status":"closed","ping_status":"open","sticky":false,"template":"","format":"standard","meta":{"footnotes":""},"categories":[1],"tags":[],"class_list":["post-4129","post","type-post","status-publish","format-standard","has-post-thumbnail","hentry","category-uncategorized"],"_links":{"self":[{"href":"https:\/\/burscheid-sonnenblume.de\/index.php?rest_route=\/wp\/v2\/posts\/4129","targetHints":{"allow":["GET"]}}],"collection":[{"href":"https:\/\/burscheid-sonnenblume.de\/index.php?rest_route=\/wp\/v2\/posts"}],"about":[{"href":"https:\/\/burscheid-sonnenblume.de\/index.php?rest_route=\/wp\/v2\/types\/post"}],"author":[{"embeddable":true,"href":"https:\/\/burscheid-sonnenblume.de\/index.php?rest_route=\/wp\/v2\/users\/1"}],"replies":[{"embeddable":true,"href":"https:\/\/burscheid-sonnenblume.de\/index.php?rest_route=%2Fwp%2Fv2%2Fcomments&post=4129"}],"version-history":[{"count":2,"href":"https:\/\/burscheid-sonnenblume.de\/index.php?rest_route=\/wp\/v2\/posts\/4129\/revisions"}],"predecessor-version":[{"id":4132,"href":"https:\/\/burscheid-sonnenblume.de\/index.php?rest_route=\/wp\/v2\/posts\/4129\/revisions\/4132"}],"wp:featuredmedia":[{"embeddable":true,"href":"https:\/\/burscheid-sonnenblume.de\/index.php?rest_route=\/wp\/v2\/media\/636"}],"wp:attachment":[{"href":"https:\/\/burscheid-sonnenblume.de\/index.php?rest_route=%2Fwp%2Fv2%2Fmedia&parent=4129"}],"wp:term":[{"taxonomy":"category","embeddable":true,"href":"https:\/\/burscheid-sonnenblume.de\/index.php?rest_route=%2Fwp%2Fv2%2Fcategories&post=4129"},{"taxonomy":"post_tag","embeddable":true,"href":"https:\/\/burscheid-sonnenblume.de\/index.php?rest_route=%2Fwp%2Fv2%2Ftags&post=4129"}],"curies":[{"name":"wp","href":"https:\/\/api.w.org\/{rel}","templated":true}]}}