{"id":4007,"date":"2020-10-11T14:26:17","date_gmt":"2020-10-11T13:26:17","guid":{"rendered":"https:\/\/burscheid-sonnenblume.de\/?p=4007"},"modified":"2020-10-11T14:36:19","modified_gmt":"2020-10-11T13:36:19","slug":"erweiterte-oeffnungszeiten-seitdem-neuen-kita-jahr-2020-2021-in-der-caritas-kita-sonnenblume","status":"publish","type":"post","link":"https:\/\/burscheid-sonnenblume.de\/?p=4007","title":{"rendered":"Erweiterte \u00d6ffnungszeiten seitdem neuen Kita-Jahr 2020\/2021 in der Caritas Kita \u201cSonnenblume\u201c"},"content":{"rendered":"<h5><span style=\"font-size: inherit; color: #6b8e23;\">Unsere l\u00e4ngeren \u00d6ffnungszeiten<\/span><\/h5>\n<p><span style=\"font-size: inherit;\"><img loading=\"lazy\" decoding=\"async\" class=\"size-medium wp-image-3410 alignleft\" src=\"https:\/\/burscheid-sonnenblume.de\/wp-content\/uploads\/2020\/06\/kids-1099709_1280-e1602422868989-300x139.jpg\" alt=\"\" width=\"300\" height=\"139\" srcset=\"https:\/\/burscheid-sonnenblume.de\/wp-content\/uploads\/2020\/06\/kids-1099709_1280-e1602422868989-300x139.jpg 300w, https:\/\/burscheid-sonnenblume.de\/wp-content\/uploads\/2020\/06\/kids-1099709_1280-e1602422868989-768x355.jpg 768w, https:\/\/burscheid-sonnenblume.de\/wp-content\/uploads\/2020\/06\/kids-1099709_1280-e1602422868989-1024x473.jpg 1024w, https:\/\/burscheid-sonnenblume.de\/wp-content\/uploads\/2020\/06\/kids-1099709_1280-e1602422868989.jpg 1254w\" sizes=\"auto, (max-width: 300px) 100vw, 300px\" \/>Wir freuen uns sehr, dass wir zum neuen Kita-Jahr unsere \u00d6ffnungszeiten erweitern k\u00f6nnen. Mehr als 10 Jahre &#8211; bis zum 31. Juli 20219 markierten komfortable \u00d6ffnungszeiten von 50 Wochenstunden unseren Schwerpunkt der Ganztagsbetreuung, die wir im Kita-Jahr 2019\/2020 aussetzen mussten.<\/span><\/p>\n<p>Der \u00a7 48 des neuen Kinderbildungsgesetzes (KiBiz) sieht die Flexibilisierung der Betreuungszeiten vor. Der damit verbundene finanzielle Zuschuss erm\u00f6glicht es uns, nunmehr wieder unsere Betreuungszeiten an den Bedarfen der Familie anzupassen.\u00a0Damit leisten wir einen wichtigen Beitrag im Rahmen der Vereinbarkeit von Familie und Beruf.<\/p>\n<p>Entsprechend der vertraglichen Betreuungszeit bieten wir nachfolgende \u00d6ffnungszeiten:<\/p>\n<ul>\n<li><strong>Vormittagsplatz<\/strong> \u2013 25 Stunden\/ 5 Stunden t\u00e4glich:<br \/>\n<span style=\"font-size: inherit;\">Montag bis Freitag:\u00a0<\/span><span style=\"font-size: inherit;\">6:45 Uhr \u2013 12:00 Uhr<\/span><\/li>\n<li><span style=\"font-size: inherit;\"><strong>Blockplatz<\/strong> \u2013 35 Stunden\/ 7 Stunden t\u00e4glich:<br \/>\n<\/span><span style=\"font-size: inherit;\">Montag bis Freitag:\u00a0<\/span><span style=\"font-size: inherit;\">6:45 Uhr \u2013 14:00 Uhr<\/span><\/li>\n<li><span style=\"font-size: inherit;\"><strong>Ganztagesplatz<\/strong> \u2013 45 Stunden\/9 Stunden t\u00e4glich:<br \/>\n<\/span><span style=\"font-size: inherit;\">Montag bis Donnerstag:\u00a0<\/span><span style=\"font-size: inherit;\">6:45 Uhr \u2013 17:00 Uhr<br \/>\n<\/span><span style=\"font-size: inherit;\">Freitag:\u00a0<\/span><span style=\"font-size: inherit;\">6:45 Uhr \u2013 16:15 Uhr<\/span><\/li>\n<\/ul>\n","protected":false},"excerpt":{"rendered":"<p>Unsere l\u00e4ngeren \u00d6ffnungszeiten Wir freuen uns sehr, dass wir zum neuen Kita-Jahr unsere \u00d6ffnungszeiten erweitern k\u00f6nnen. Mehr als 10 Jahre &#8211; bis zum 31. Juli 20219 markierten komfortable \u00d6ffnungszeiten von 50 Wochenstunden unseren Schwerpunkt der Ganztagsbetreuung, die wir im Kita-Jahr<\/p>\n","protected":false},"author":1,"featured_media":3410,"comment_status":"closed","ping_status":"open","sticky":false,"template":"","format":"standard","meta":{"footnotes":""},"categories":[1],"tags":[],"class_list":["post-4007","post","type-post","status-publish","format-standard","has-post-thumbnail","hentry","category-uncategorized"],"_links":{"self":[{"href":"https:\/\/burscheid-sonnenblume.de\/index.php?rest_route=\/wp\/v2\/posts\/4007","targetHints":{"allow":["GET"]}}],"collection":[{"href":"https:\/\/burscheid-sonnenblume.de\/index.php?rest_route=\/wp\/v2\/posts"}],"about":[{"href":"https:\/\/burscheid-sonnenblume.de\/index.php?rest_route=\/wp\/v2\/types\/post"}],"author":[{"embeddable":true,"href":"https:\/\/burscheid-sonnenblume.de\/index.php?rest_route=\/wp\/v2\/users\/1"}],"replies":[{"embeddable":true,"href":"https:\/\/burscheid-sonnenblume.de\/index.php?rest_route=%2Fwp%2Fv2%2Fcomments&post=4007"}],"version-history":[{"count":4,"href":"https:\/\/burscheid-sonnenblume.de\/index.php?rest_route=\/wp\/v2\/posts\/4007\/revisions"}],"predecessor-version":[{"id":4012,"href":"https:\/\/burscheid-sonnenblume.de\/index.php?rest_route=\/wp\/v2\/posts\/4007\/revisions\/4012"}],"wp:featuredmedia":[{"embeddable":true,"href":"https:\/\/burscheid-sonnenblume.de\/index.php?rest_route=\/wp\/v2\/media\/3410"}],"wp:attachment":[{"href":"https:\/\/burscheid-sonnenblume.de\/index.php?rest_route=%2Fwp%2Fv2%2Fmedia&parent=4007"}],"wp:term":[{"taxonomy":"category","embeddable":true,"href":"https:\/\/burscheid-sonnenblume.de\/index.php?rest_route=%2Fwp%2Fv2%2Fcategories&post=4007"},{"taxonomy":"post_tag","embeddable":true,"href":"https:\/\/burscheid-sonnenblume.de\/index.php?rest_route=%2Fwp%2Fv2%2Ftags&post=4007"}],"curies":[{"name":"wp","href":"https:\/\/api.w.org\/{rel}","templated":true}]}}