{"id":3534,"date":"2020-07-02T12:02:57","date_gmt":"2020-07-02T11:02:57","guid":{"rendered":"https:\/\/burscheid-sonnenblume.de\/?p=3534"},"modified":"2020-07-06T08:59:52","modified_gmt":"2020-07-06T07:59:52","slug":"ein-weiterer-artikel-aus-der-kita","status":"publish","type":"post","link":"https:\/\/burscheid-sonnenblume.de\/?p=3534","title":{"rendered":"Ein weiterer Artikel aus der Kita &#8211; KOMPAKT"},"content":{"rendered":"<h5><span style=\"color: #6b8e23;\">Unser Schutzkonzept in der Fachzeitschrift KOMPAKT<\/span><\/h5>\n<p><img loading=\"lazy\" decoding=\"async\" class=\"wp-image-3529  alignleft\" src=\"https:\/\/burscheid-sonnenblume.de\/wp-content\/uploads\/2020\/07\/Bildschirmfoto-2020-07-02-um-12.46.19-209x300.png\" sizes=\"auto, (max-width: 178px) 100vw, 178px\" srcset=\"https:\/\/burscheid-sonnenblume.de\/wp-content\/uploads\/2020\/07\/Bildschirmfoto-2020-07-02-um-12.46.19-209x300.png 209w, https:\/\/burscheid-sonnenblume.de\/wp-content\/uploads\/2020\/07\/Bildschirmfoto-2020-07-02-um-12.46.19-768x1102.png 768w, https:\/\/burscheid-sonnenblume.de\/wp-content\/uploads\/2020\/07\/Bildschirmfoto-2020-07-02-um-12.46.19-714x1024.png 714w, https:\/\/burscheid-sonnenblume.de\/wp-content\/uploads\/2020\/07\/Bildschirmfoto-2020-07-02-um-12.46.19.png 856w\" alt=\"\" width=\"172\" height=\"246\">Nun freuen wir uns \u00fcber einen weiteren Artikel in der Kompakt, der von unserer Arbeit berichte. Die Notwendigkeit eines Schutzkonzeptes, welches die Einhaltung von Schutzma\u00dfnahmen zur St\u00e4rkung des Infektionsschutzes beschreibt, ist unverzichtbar.<\/p>\n<p>Die Wichtigkeit eines solchen Konzeptes hat uns motiviert, ein praxisorientiertes Schutzkonzept zur Einhaltung von Schutzma\u00dfnahmen zur St\u00e4rkung des Infektionsschutzes zu erstellen<\/p>\n<p>Bereits w\u00e4hrend der Entstehung des Konzeptes stellten wir fest, wie kurzlebig Fachempfehlungen und wie vielf\u00e4ltig die Fragestellungen sind, die sich aus den gesetzlichen Verordnungen ergeben.<\/p>\n<p>Lesen Sie unser Schutzkonzept und wir hoffen es \u00fcberzeugt, durch die Anschaulichkeit und der N\u00e4he zur Praxis, in der immer noch das Kind im Mittelpunkt unseres p\u00e4dagogischen Handelns steht.<\/p>\n<ul>\n<li>Das Schutzkonzept finden Sie <a href=\"https:\/\/burscheid-sonnenblume.de\/?page_id=2944\">HIER auf unserer Homepage.<\/a><\/li>\n<li><span style=\"font-size: inherit;\">Der von Frau Sartingen-Kranz geschriebene Artikel finden Sie <\/span><a style=\"font-size: inherit;\" href=\"https:\/\/burscheid-sonnenblume.de\/wp-content\/uploads\/2020\/07\/Artikel-Kompakt.pdf\">HIER auf unserer Homepage.<\/a><\/li>\n<\/ul>\n","protected":false},"excerpt":{"rendered":"<p>Unser Schutzkonzept in der Fachzeitschrift KOMPAKT Nun freuen wir uns \u00fcber einen weiteren Artikel in der Kompakt, der von unserer Arbeit berichte. Die Notwendigkeit eines Schutzkonzeptes, welches die Einhaltung von Schutzma\u00dfnahmen zur St\u00e4rkung des Infektionsschutzes beschreibt, ist unverzichtbar. Die Wichtigkeit<\/p>\n","protected":false},"author":1,"featured_media":3529,"comment_status":"closed","ping_status":"open","sticky":false,"template":"","format":"standard","meta":{"footnotes":""},"categories":[1],"tags":[],"class_list":["post-3534","post","type-post","status-publish","format-standard","has-post-thumbnail","hentry","category-uncategorized"],"_links":{"self":[{"href":"https:\/\/burscheid-sonnenblume.de\/index.php?rest_route=\/wp\/v2\/posts\/3534","targetHints":{"allow":["GET"]}}],"collection":[{"href":"https:\/\/burscheid-sonnenblume.de\/index.php?rest_route=\/wp\/v2\/posts"}],"about":[{"href":"https:\/\/burscheid-sonnenblume.de\/index.php?rest_route=\/wp\/v2\/types\/post"}],"author":[{"embeddable":true,"href":"https:\/\/burscheid-sonnenblume.de\/index.php?rest_route=\/wp\/v2\/users\/1"}],"replies":[{"embeddable":true,"href":"https:\/\/burscheid-sonnenblume.de\/index.php?rest_route=%2Fwp%2Fv2%2Fcomments&post=3534"}],"version-history":[{"count":4,"href":"https:\/\/burscheid-sonnenblume.de\/index.php?rest_route=\/wp\/v2\/posts\/3534\/revisions"}],"predecessor-version":[{"id":3621,"href":"https:\/\/burscheid-sonnenblume.de\/index.php?rest_route=\/wp\/v2\/posts\/3534\/revisions\/3621"}],"wp:featuredmedia":[{"embeddable":true,"href":"https:\/\/burscheid-sonnenblume.de\/index.php?rest_route=\/wp\/v2\/media\/3529"}],"wp:attachment":[{"href":"https:\/\/burscheid-sonnenblume.de\/index.php?rest_route=%2Fwp%2Fv2%2Fmedia&parent=3534"}],"wp:term":[{"taxonomy":"category","embeddable":true,"href":"https:\/\/burscheid-sonnenblume.de\/index.php?rest_route=%2Fwp%2Fv2%2Fcategories&post=3534"},{"taxonomy":"post_tag","embeddable":true,"href":"https:\/\/burscheid-sonnenblume.de\/index.php?rest_route=%2Fwp%2Fv2%2Ftags&post=3534"}],"curies":[{"name":"wp","href":"https:\/\/api.w.org\/{rel}","templated":true}]}}