{"id":1918,"date":"2020-03-15T11:55:02","date_gmt":"2020-03-15T10:55:02","guid":{"rendered":"https:\/\/burscheid-sonnenblume.de\/?p=1918"},"modified":"2023-09-27T08:36:12","modified_gmt":"2023-09-27T07:36:12","slug":"was-passiert-jetzt-in-der-sonnenblume","status":"publish","type":"post","link":"https:\/\/burscheid-sonnenblume.de\/?p=1918","title":{"rendered":"Was passiert jetzt in der Sonnenblume &#8211; alle Updates zur Pandemie"},"content":{"rendered":"<p>Liebe Eltern, Besucher und Interessenten,<br \/>auch wir verfolgen die aktuelle Lage zum Coronavirus.<\/p>\n<p><img loading=\"lazy\" decoding=\"async\" class=\"wp-image-1977  alignleft\" src=\"https:\/\/burscheid-sonnenblume.de\/wp-content\/uploads\/2020\/03\/germ-158107_640-300x229.png\" alt=\"\" width=\"147\" height=\"112\" \/>Mithilfe der <a href=\"https:\/\/burscheid-sonnenblume.de\/?p=7840\">KIKOM-Kita-App<\/a> halten wir unsere Eltern diesbez\u00fcglich stets auf dem Laufenden. So m\u00f6chten wir dazu beitragen, dass es zu keinen Falschmitteilungen, Unsicherheiten oder Missverst\u00e4ndnissen kommt.<\/p>\n<p>Mittlerweile ver\u00f6ffentlichte der Rheinisch-Bergische Kreis zahlreiche Informationsschreiben f\u00fcr Eltern von Kindern in Kitas oder Tagespflegestellen in Burscheid, K\u00fcrten und Odenthal.\u00a0<\/p>\n<p>Unten stehend, finden Sie alle Updates die wir f\u00fcr Sie als Eltern und Besucher zusammengefasst haben.<\/p>\n<hr \/>\n\n<style>#sp-ea-2913 .spcollapsing { height: 0; overflow: hidden; transition-property: height;transition-duration: 500ms;}#sp-ea-2913.sp-easy-accordion>.sp-ea-single {margin-bottom: 10px; border: 1px solid #e2e2e2; }#sp-ea-2913.sp-easy-accordion>.sp-ea-single>.ea-header a {color: #444;}#sp-ea-2913.sp-easy-accordion>.sp-ea-single>.sp-collapse>.ea-body {background: #fff; color: #444;}#sp-ea-2913.sp-easy-accordion>.sp-ea-single {background: #eee;}#sp-ea-2913.sp-easy-accordion>.sp-ea-single>.ea-header a .ea-expand-icon { float: left; color: #6b8e23;font-size: 16px;}<\/style><div id=\"sp_easy_accordion-1777645292\"><div id=\"sp-ea-2913\" class=\"sp-ea-one sp-easy-accordion\" data-ea-active=\"ea-click\" data-ea-mode=\"vertical\" data-preloader=\"\" data-scroll-active-item=\"\" data-offset-to-scroll=\"0\"><div class=\"ea-card ea-expand sp-ea-single\"><h3 class=\"ea-header\"><a class=\"collapsed\" id=\"ea-header-29130\" role=\"button\" data-sptoggle=\"spcollapse\" data-sptarget=\"#collapse29130\" aria-controls=\"collapse29130\" href=\"#\" aria-expanded=\"true\" tabindex=\"0\"><i aria-hidden=\"true\" role=\"presentation\" class=\"ea-expand-icon eap-icon-ea-expand-minus\"><\/i> Update vom Freitag - 25.01.2023 (Coronaschutzverordnung wird auf ein Minimum reduziert,)<\/a><\/h3><div class=\"sp-collapse spcollapse collapsed show\" id=\"collapse29130\" role=\"region\" aria-labelledby=\"ea-header-29130\"> <div class=\"ea-body\"><p>Liebe Eltern,<br \/>liebe Besucher,<\/p><p>anbei das aktuelle Schreiben des Ministeriums mit der Bitte um Kenntnisnahme.<\/p><ul><li><a href=\"https:\/\/burscheid-sonnenblume.de\/wp-content\/uploads\/2023\/01\/Aktuelles_Ministerschreiben-25.01.2023.pdf\">Aktuelles_Ministerschreiben 25.01.2023<\/a><\/li><\/ul><\/div><\/div><\/div><div class=\"ea-card sp-ea-single\"><h3 class=\"ea-header\"><a class=\"collapsed\" id=\"ea-header-29131\" role=\"button\" data-sptoggle=\"spcollapse\" data-sptarget=\"#collapse29131\" aria-controls=\"collapse29131\" href=\"#\" aria-expanded=\"false\" tabindex=\"0\"><i aria-hidden=\"true\" role=\"presentation\" class=\"ea-expand-icon eap-icon-ea-expand-plus\"><\/i> Update vom Freitag - 08.04.2022 (Aktuelle Situation in der Kindertagesbetreuung)<\/a><\/h3><div class=\"sp-collapse spcollapse \" id=\"collapse29131\" role=\"region\" aria-labelledby=\"ea-header-29131\"> <div class=\"ea-body\"><p>Liebe Eltern,<br \/>liebe Besucher,<\/p><p>anbei das aktuelle Schreiben des Ministeriums mit der Bitte um Kenntnisnahme.<br \/>In der Kita Sonnenblume gelten nach wie vor die Maskenpflicht und die Abstandsregelungen.<\/p><ul><li><a href=\"https:\/\/burscheid-sonnenblume.de\/wp-content\/uploads\/2022\/04\/Aktuelles_Schreiben_des_Ministeriums_vom_08.04.2022.pdf\">Aktuelles Schreiben des Ministeriums vom 08.04.2022<\/a><\/li><\/ul><\/div><\/div><\/div><div class=\"ea-card sp-ea-single\"><h3 class=\"ea-header\"><a class=\"collapsed\" id=\"ea-header-29132\" role=\"button\" data-sptoggle=\"spcollapse\" data-sptarget=\"#collapse29132\" aria-controls=\"collapse29132\" href=\"#\" aria-expanded=\"false\" tabindex=\"0\"><i aria-hidden=\"true\" role=\"presentation\" class=\"ea-expand-icon eap-icon-ea-expand-plus\"><\/i> Update vom Dienstag - 22.03.2022 (Ministerschreiben aktuelle Situation)<\/a><\/h3><div class=\"sp-collapse spcollapse \" id=\"collapse29132\" role=\"region\" aria-labelledby=\"ea-header-29132\"> <div class=\"ea-body\"><p>Liebe Eltern,<br \/>liebe Besucher,<\/p><p class=\"x_MsoNormal\">in der Anlage \u00fcbersenden wir Ihnen das aktuelle Ministerschreiben zur aktuellen Situation in der Kindertagesbetreuung in NRW mit der Bitte um Kenntnisnahme.<\/p><p class=\"x_MsoNormal\">NRW-Familienminister Dr. Stamp geht in diesem Ministerschreiben auf die aus der Ukraine gefl\u00fcchteten Menschen, darunter viele Kinder, ein und informiert \u00fcber \u00c4nderungen bei den Testungen in der Kindertagesbetreuung.<\/p><p class=\"x_MsoNormal\">Die finanzierten Lolli-PCR-Pooltestungen in Kitas werden \u2013 wie bereits kommuniziert \u2013 zum 03.04.2022 eingestellt. Vom 04.04.2022 bis 22.04.2022 stellt das Land allen Kindern in der Kindertagesbetreuung drei Selbsttests pro Woche zur Verf\u00fcgung. Nach den Osterferien werden Lieferungen der Selbsttest eingestellt, sodass ab diesem Zeitpunkt landesseitig keine regelm\u00e4\u00dfigen Testungen in Kitas und Kindertagespflege mehr vorgesehen sind.<\/p><ul><li><a href=\"https:\/\/burscheid-sonnenblume.de\/wp-content\/uploads\/2022\/03\/2022-03-22-Ministerschreiben-aktuelle-Situation.pdf\">2022-03-22 Ministerschreiben aktuelle Situation<\/a><\/li><\/ul><\/div><\/div><\/div><div class=\"ea-card sp-ea-single\"><h3 class=\"ea-header\"><a class=\"collapsed\" id=\"ea-header-29133\" role=\"button\" data-sptoggle=\"spcollapse\" data-sptarget=\"#collapse29133\" aria-controls=\"collapse29133\" href=\"#\" aria-expanded=\"false\" tabindex=\"0\"><i aria-hidden=\"true\" role=\"presentation\" class=\"ea-expand-icon eap-icon-ea-expand-plus\"><\/i> Update vom Dienstag - 15.03.2022 (Beendigung der Pool-Testung)<\/a><\/h3><div class=\"sp-collapse spcollapse \" id=\"collapse29133\" role=\"region\" aria-labelledby=\"ea-header-29133\"> <div class=\"ea-body\"><p>Liebe Eltern,<br \/>liebe Besucher,<\/p><p>nachfolgend erhalten Sie die Informationen von der Abteilung Kindertagesbetreuung des Kreisjugendamtes zur Kenntisnahme. Sobald uns das entsprechende Ministerschreiben vorliegt, lassen wir Ihnen dieses zukommen.<\/p><p><em>\"...wie Sie sicherlich bereits den Medien entnehmen konnten, wird die landesseitige Finanzierung der Lolli-PCR-Pool-Testungen in der Kindertagesbetreuung zum 03.04.2022 eingestellt. Die entsprechende Information des MKFFI zur K\u00fcndigung des Vereinbarung zwischen dem Land und dem Kreisjugendamt sowie deren Begr\u00fcndung bitte ich unten stehender E-Mail zu entnehmen.<\/em><\/p><p><em>Daher ist beabsichtigt, dass die Lolli-PCR-Pool-Testungen in den Kitas in Burscheid, K\u00fcrten und Odenthal zum 03.04.2022 entfallen werden. Bis dahin werden diese wie bisher mit allen entsprechenden Regelungen durchgef\u00fchrt.<\/em><\/p><p><em>F\u00fcr die Zeit ab dem 04.04.2022 bis 22.04.2022 w\u00fcrden Sie durch das Land wieder drei Selbsttests pro Kind und Woche erhalten, welche f\u00fcr freiwillige Selbsttestungen zuhause verwendet werden sollen.<\/em><\/p><p><em>Ab dem 22.04.2022 wird auch diese Bereitstellung von Selbsttests eingestellt, sodass landesweit regelm\u00e4\u00dfige Testungen in der Kindertagesbetreuung ab diesem Zeitpunkt vollst\u00e4ndig entfallen.\"<\/em><\/p><\/div><\/div><\/div><div class=\"ea-card sp-ea-single\"><h3 class=\"ea-header\"><a class=\"collapsed\" id=\"ea-header-29134\" role=\"button\" data-sptoggle=\"spcollapse\" data-sptarget=\"#collapse29134\" aria-controls=\"collapse29134\" href=\"#\" aria-expanded=\"false\" tabindex=\"0\"><i aria-hidden=\"true\" role=\"presentation\" class=\"ea-expand-icon eap-icon-ea-expand-plus\"><\/i> Update\u00a0vom Dienstag - 22.02.2022 (Umgang mit der Omikron-Variante in der Kindertagesbetreuung)<\/a><\/h3><div class=\"sp-collapse spcollapse \" id=\"collapse29134\" role=\"region\" aria-labelledby=\"ea-header-29134\"> <div class=\"ea-body\"><p>Liebe Eltern,<br \/>liebe Besucher,<\/p><p class=\"x_MsoNormal\">in den Anlagen ver\u00f6ffentlichen wir das Dokument \"Leitfaden im Umgang mit Omikron sowie das dazugeh\u00f6rige Ministerschreiben.<\/p><ul><li><a href=\"https:\/\/burscheid-sonnenblume.de\/wp-content\/uploads\/2022\/02\/Leitfaden-im-Umgang-mit-Omikron.pdf\">Leitfaden im Umgang mit Omikron<\/a><\/li><li><a href=\"https:\/\/burscheid-sonnenblume.de\/wp-content\/uploads\/2022\/02\/Ministerschreiben-zu-Omikron-21.02.2022.pdf\">Ministerschreiben zu Omikron 21.02.2022<\/a><\/li><\/ul><\/div><\/div><\/div><div class=\"ea-card sp-ea-single\"><h3 class=\"ea-header\"><a class=\"collapsed\" id=\"ea-header-29135\" role=\"button\" data-sptoggle=\"spcollapse\" data-sptarget=\"#collapse29135\" aria-controls=\"collapse29135\" href=\"#\" aria-expanded=\"false\" tabindex=\"0\"><i aria-hidden=\"true\" role=\"presentation\" class=\"ea-expand-icon eap-icon-ea-expand-plus\"><\/i> Update\u00a0vom Donnerstag - 10.02.2022 (FAQs zur Pooltestung)<\/a><\/h3><div class=\"sp-collapse spcollapse \" id=\"collapse29135\" role=\"region\" aria-labelledby=\"ea-header-29135\"> <div class=\"ea-body\"><p>Liebe Eltern,<br \/>liebe Besucher,<\/p><p class=\"x_MsoNormal\">in der Anlage \u00fcbersenden wir Ihnen die seit gestern geltende Coronabetreuungsverordnung.<br \/>Diese sieht \u00c4nderungen im Fall einer nachgewiesenen Coronainfektion vor.<b><\/b><\/p><ul type=\"disc\"><li class=\"x_MsoListParagraph\">Hinweis f\u00fcr Kitas, in denen Lolli-PCR-Pooltestungen durchgef\u00fchrt werden:<ul type=\"circle\"><li class=\"x_MsoListParagraph\">Die neue Coronabetreuungsverordnung erforderte eine Anpassung der Allgemeinverf\u00fcgung \u00fcber die Vorlage eines negativen, individuellen PCR-Test-Ergebnisses f\u00fcr Kinder, die in Burscheid, K\u00fcrten und Odenthal ein Angebot der Kindertagesbetreuung besuchen, sodass diese heute in neuer Fassung ver\u00f6ffentlicht wurde. In der Anlage erhalten Sie daher die heute ver\u00f6ffentlichte Allgemeinverf\u00fcgung (Amtsblatt Nr. 33-2022) sowie eine Lesefassung mit den markierten \u00c4nderungen.<\/li><li class=\"x_MsoListParagraph\">Neu ist, dass Kinder, die nicht an der Pooltestung teilnehmen und bei Auftreten eines positiven Pools auch keinen negativen Einzel-PCR-Test vorlegen, f\u00fcr die Dauer von 10 Tagen von der Betreuung ausgeschlossen sind (bisher 14 Tage).<\/li><li class=\"x_MsoListParagraph\">Zudem wurde geregelt, dass die Kinder, die nachweislich infiziert waren, aus der Isolation zur\u00fcckgekehrt sind, aber noch keinen offiziellen Genesenenstatus erhalten haben (weil dieser erst ab dem 28. Tag nach dem positiven Test beginnt), im Fall eines positiven Pools von der Pflicht zur Vorlage eines Einzel-PCR-Tests ausgenommen sind.<\/li><\/ul><\/li><\/ul><p>In der Anlage \u00fcbersende ich Ihnen dahingehend \u00fcberarbeitete FAQS, die zus\u00e4tzlich mit weiteren von Ihnen gestellten Fragen erg\u00e4nzt wurden.<\/p><ul><li><a href=\"https:\/\/burscheid-sonnenblume.de\/wp-content\/uploads\/2022\/02\/amtsblatt-nr.-33-2022.pdf\">Amtsblatt-Nr.-33 2022<\/a><\/li><li><a href=\"https:\/\/burscheid-sonnenblume.de\/wp-content\/uploads\/2022\/02\/220208_coronabetrvo_ab_09.02.2022_lesefassung_mit_markierungen.pdf\">Coronabetrvo ab 09.02.2022 Lesefassung mit Markierungen<\/a><\/li><li><a href=\"https:\/\/burscheid-sonnenblume.de\/wp-content\/uploads\/2022\/02\/FAQ-Pooltests_BKO_Fortschreibung.pdf\">FAQ Pooltests BKO Fortschreibung<\/a><\/li><li><a href=\"https:\/\/burscheid-sonnenblume.de\/wp-content\/uploads\/2022\/02\/Allgemeinverfuegung-Pooltestung-Lesefassung_Markierung.pdf\">Allgemeinverf\u00fcgung Pooltestung Lesefassung Markierung<\/a><\/li><\/ul><\/div><\/div><\/div><div class=\"ea-card sp-ea-single\"><h3 class=\"ea-header\"><a class=\"collapsed\" id=\"ea-header-29136\" role=\"button\" data-sptoggle=\"spcollapse\" data-sptarget=\"#collapse29136\" aria-controls=\"collapse29136\" href=\"#\" aria-expanded=\"false\" tabindex=\"0\"><i aria-hidden=\"true\" role=\"presentation\" class=\"ea-expand-icon eap-icon-ea-expand-plus\"><\/i> Update vom Dienstag - 01.02.2022 (Kinderimpfaktionswoche vom 04.02.- 12.02.2022)<\/a><\/h3><div class=\"sp-collapse spcollapse \" id=\"collapse29136\" role=\"region\" aria-labelledby=\"ea-header-29136\"> <div class=\"ea-body\"><p>Liebe Eltern,<br \/>liebe Besucher,<\/p><p>anbei die Nachricht von Herrn Landrat Stephan Santelmann, die uns heute mit der Bitte um Weiterleitung an die Elternschaft, erreicht hat.<br \/>Gleichfalls anbei die Anlagen mit kindgerechten Informatonen zur Kinderimpfung.<\/p><ul><li><a href=\"https:\/\/burscheid-sonnenblume.de\/wp-content\/uploads\/2022\/02\/1-familienleitfaden-eineentscheidungshilfe-version3.0.pdf\">Familienleitfaden-eineentscheidungshilfe-version3.0<\/a><\/li><li><a href=\"https:\/\/burscheid-sonnenblume.de\/wp-content\/uploads\/2022\/02\/2-impfwissen-fuer-kinder-5-11jahre.pdf\">Impfwissen f\u00fcr Kinder 5-11 Jahre<\/a><\/li><li><a href=\"https:\/\/burscheid-sonnenblume.de\/wp-content\/uploads\/2022\/02\/3-kindercomic-wie-wie-uns-durchs-impfen-schuetzen-koennen.pdf\">Kindercomic wie wir uns durchs impfen schuetzen koennen<\/a><\/li><\/ul><p>\"Liebe Eltern, liebe Lehrkr\u00e4fte, liebe Kita-Leitungen, liebe Erzieherinnen und Erzieher, liebe Besch\u00e4ftigte in den Kindertageseinrichtungen, liebe Kindertagespflegepersonen<br \/>Der Expertenrat der Bundesregierung und die \u00fcberw\u00e4ltigende Mehrheit der Wissenschaftlerinnen und Wissenschaftler weisen darauf hin, dass Omikron erheblich ansteckender als bisherige Virusvarianten ist und wir insgesamt mit gr\u00f6\u00dfter Vorsicht und Achtsamkeit dieses neue Jahr beginnen m\u00fcssen.<br \/>Aktuell nimmt die H\u00e4ufung von Infektionen durch die Omikron Variante, trotz intensiver Testungen, speziell in Schulen, Kitas und Pflegeeinrichtungen exponentiell zu.<\/p><p>Der sicherste Weg sein Kind vor einem schweren Verlauf zu bewahren, ist und bleibt die Impfung. Der Rheinisch Bergische Kreis bietet daher in seinen 7 Impfstellen in einer konzertierten Kinderimpfaktionswoche vom <strong>04.02. - 12.02.22<\/strong> Terminbuchungen f\u00fcr Erst- und Zweitimpfungen an.<\/p><p>Meine dringende Bitte: Zeigen Sie sich solidarisch. Lassen Sie sich und Ihre Kinder impfen und nehmen Sie schnellstm\u00f6glich unsere Impfangebote wahr. Sie bieten den besten Schutz vor schweren Verl\u00e4ufen und Ansteckungen. Dies gilt insbesondere f\u00fcr die kleinsten Kinder, die unser aller Schutz bed\u00fcrfen. Weitere Aufkl\u00e4rungsinformationen finden Sie in der Anlage. Hier geht es zur Terminbuchung:<\/p><p>Impftermin Rheinisch-Bergischer Kreis (<a href=\"http:\/\/impfung-rbk.de\">impfung-rbk.de<\/a>)<\/p><p>F\u00fcr R\u00fcckfragen steht Ihnen das KoCI Team des Rheinisch Bergischen Kreises gerne zur Verf\u00fcgung.<br \/>Tel.: 0 22 02 13-2006<br \/>E-Mail: <a href=\"Koordination.IZ@rbk-online.de\">Koordination.IZ@rbk-online.de<\/a><\/p><p>Mit freundlichen Gr\u00fc\u00dfen<\/p><p>Stephan Santelmann<\/p><\/div><\/div><\/div><div class=\"ea-card sp-ea-single\"><h3 class=\"ea-header\"><a class=\"collapsed\" id=\"ea-header-29137\" role=\"button\" data-sptoggle=\"spcollapse\" data-sptarget=\"#collapse29137\" aria-controls=\"collapse29137\" href=\"#\" aria-expanded=\"false\" tabindex=\"0\"><i aria-hidden=\"true\" role=\"presentation\" class=\"ea-expand-icon eap-icon-ea-expand-plus\"><\/i> Update vom Montag - 31.01.2022 (Leitfaden Omikron Welle)<\/a><\/h3><div class=\"sp-collapse spcollapse \" id=\"collapse29137\" role=\"region\" aria-labelledby=\"ea-header-29137\"> <div class=\"ea-body\"><p>Liebe Eltern,<br \/>liebe Besucher,<\/p><p>Folgende Information \u00a0geben wir hiermit gerne weiter:<\/p><p>Aufrechterhaltung der Kindertagesbetreuung wa\u0308hrend der Omikron-Welle Das Wichtigste in Ku\u0308rze:<\/p><div class=\"page\" title=\"Page 1\"><div class=\"layoutArea\"><div class=\"column\"><ul><li>Die Angebote der Kindertagesbetreuung bleiben so weit mo\u0308glich geo\u0308ffnet.<\/li><li>Schlie\u00dfungen von Angeboten werden nicht immer zu verhindern sein, Eltern haben in diesem Fall Anspruch auf Kinderkrankengeld oder Betreuungsent- scha\u0308digung.<\/li><li>Bei einem Infektionsfall in einem Kindertagesbetreuungsangebot besteht eine Testpflicht fu\u0308r die Kinder.<\/li><li>In den Kommunen, in denen PCR-Pooltests angeboten werden, muss auf- grund mangelnder Laborkapazita\u0308ten unter Umsta\u0308nden wieder auf Schnelltests umgestellt werden.<\/li><\/ul><p>Im Anhang finden Sie einen Leitfaden zum Umgang mit einem Infektionsfall.<\/p><ul><li><a href=\"https:\/\/burscheid-sonnenblume.de\/wp-content\/uploads\/2022\/01\/2022-01-28_anschreiben_minister_omikron.pdf\">Anschreiben Minister Omikron (28.01.2022)<\/a><\/li><li><a href=\"https:\/\/burscheid-sonnenblume.de\/wp-content\/uploads\/2022\/01\/2022-01-28_leitfaden_omikron.pdf\">Leitfaden Omikron (28.01.2022)<\/a><\/li><\/ul><\/div><\/div><\/div><\/div><\/div><\/div><div class=\"ea-card sp-ea-single\"><h3 class=\"ea-header\"><a class=\"collapsed\" id=\"ea-header-29138\" role=\"button\" data-sptoggle=\"spcollapse\" data-sptarget=\"#collapse29138\" aria-controls=\"collapse29138\" href=\"#\" aria-expanded=\"false\" tabindex=\"0\"><i aria-hidden=\"true\" role=\"presentation\" class=\"ea-expand-icon eap-icon-ea-expand-plus\"><\/i> Update vom\u00a0Mittwoch - 26.01.2022 (Lolli-PCR-Pooltestungen bleiben in unserer Kita weiterhin bestehen)<\/a><\/h3><div class=\"sp-collapse spcollapse \" id=\"collapse29138\" role=\"region\" aria-labelledby=\"ea-header-29138\"> <div class=\"ea-body\"><p>Liebe Eltern,<br \/>liebe Besucher,<\/p><p>Folgende Information seitens des Rheinisch-Bergischen Kreises geben wir hiermit gern weiter:<\/p><p>\u201eDie gestrigen Beschl\u00fcsse bez\u00fcglich der Lolli-PCR-Pooltestungen in den Grundschulen in NRW warfen die Frage auf, inwiefern die Lolli-PCR-Pooltestungen in den Kitas in Burscheid, K\u00fcrten und Odenthal von diesen Regelungen betroffen sind.<\/p><p><u>Nach aktueller Pr\u00fcfung kann mitteilt werden, dass es keine Ver\u00e4nderungen der Regelungen in Bezug auf die Durchf\u00fchrung der Lolli-PCR-Pooltestungen in Kitas gibt.<\/u> Das Labor best\u00e4tigte, dass die aktuellen Ver\u00e4nderungen in Bezug auf die Priorisierung keinen Einfluss auf die Vereinbarung zwischen dem Labor und dem Rheinisch-Bergischen Kreis hat. Sollten zuk\u00fcnftig anderslautende Bundes-\/Landesregelungen bekannt werden, die diese Vereinbarung betreffen sollten, werden wir Sie dar\u00fcber informieren.<\/p><p>Im Rahmen des Gespr\u00e4chs wurden auch die in der letzten Woche zum Teil erheblichen Verz\u00f6gerungen der \u00dcbermittlung der Testergebnisse besprochen. Seitens des Labors wird aktuell davon ausgegangen, dass es einerseits durch die ver\u00e4nderte Teststrategie in den Schulen zu einer deutlichen Entlastung f\u00fcr das Labor kommen wird und sich andererseits die Abl\u00e4ufe in Bezug auf die deutliche h\u00f6here Zahl an Einrichtungen eingespielt hat, sodass die Mitteilungen der Testergebnisse zuk\u00fcnftig entsprechend der Vereinbarung erfolgen sollten.<\/p><p>Es wurde aber auch darauf hingewiesen, dass insbesondere bei den Einzel-Nachtestungen eine Vielzahl an unzustellbaren Testergebnissen auf Anwendungsfehler zur\u00fcckzuf\u00fchren seien, weil bei der Registrierung keine oder die falsche Kita angegeben wurde, keine Mobilnummer benannt wurde, der Name oder das Geburtsdatum des Kindes nicht angegeben wurde etc. Diese Fehler k\u00f6nnen durch das Labor nicht behoben werden, da ihnen einerseits keine Daten vorliegen und es ihnen bei der Vielzahl an Proben auch nicht einmal mehr m\u00f6glich ist, die Probe nach der Auswertung wieder manuell zumindest einer Kita zuzuordnen.\u201c<\/p><p><strong>Wir bitten daher alle Eltern an dieser Stelle, bei der Registrierung gr\u00fcndlich darauf zu achten, dass alle notwendigen Daten wie Name und Geburtsdatum des Kindes sowie Kita und Mobilnummer entsprechend angegeben werden.<\/strong><\/p><p>\u201eDie seit dem 26.01.2022 g\u00fcltige Corona-Test-und-Quarant\u00e4neverordnung sowie die Coronabetreuungsverordnung ergeben keine \u00c4nderungen f\u00fcr die Kinder in Kindertagesbetreuung. \u00a7 13 Corona-Test-und-Quarant\u00e4neverordnung sieht weiterhin eine Verpflichtung zu einer Kontrolltestung mittels Einzel-PCR-Test f\u00fcr alle Personen vor, die an einem positiven PCR-Pool-Test teilgenommen haben. Ausnahmen hierzu wurden ausschlie\u00dflich f\u00fcr Sch\u00fclerinnen und Sch\u00fcler eingef\u00fchrt. Die Coronabetreuungsverordnung wurde inhaltlich f\u00fcr die Kindertagesbetreuung ebenfalls nicht angepasst. Insofern gelten hier die Regelungen wie bisher, sodass auch die Allgemeinverf\u00fcgung des Rheinisch-Bergischen Kreises in Bezug auf die Kinder, die nicht an den Lolli-PCR-Pool-Tests teilnehmen, weiterhin Bestand hat.\u201c<\/p><p>Bei R\u00fcckfragen stehen wir gerne zur Verf\u00fcgung.<\/p><\/div><\/div><\/div><div class=\"ea-card sp-ea-single\"><h3 class=\"ea-header\"><a class=\"collapsed\" id=\"ea-header-29139\" role=\"button\" data-sptoggle=\"spcollapse\" data-sptarget=\"#collapse29139\" aria-controls=\"collapse29139\" href=\"#\" aria-expanded=\"false\" tabindex=\"0\"><i aria-hidden=\"true\" role=\"presentation\" class=\"ea-expand-icon eap-icon-ea-expand-plus\"><\/i> Update\u00a0vom Montag - 24.01.2022 (Allgemeinverf\u00fcgung eines negativen PCR-Test-Ergebnisses f\u00fcr Kinder)<\/a><\/h3><div class=\"sp-collapse spcollapse \" id=\"collapse29139\" role=\"region\" aria-labelledby=\"ea-header-29139\"> <div class=\"ea-body\"><p>Liebe Eltern,<br \/>liebe Besucher,<\/p><p class=\"x_MsoNormal\">in der Anlage erhalten Sie \u00a0die Allgemeinverf\u00fcgung \u00fcber die Vorlage eines negativen, individuellen PCR-Test-Ergebnisses f\u00fcr Kinder, die in Burscheid, K\u00fcrten und Odenthal ein Angebot der Kindertagesbetreuung besuchen. Diese Allgemeinverf\u00fcgung wurde heute ver\u00f6ffentlicht und umfasst die bereits kommunizierten Regelungen f\u00fcr die Kinder, die nicht an den Lolli-PCR-Pool-Testungen teilnehmen.<\/p><ul><li><a href=\"https:\/\/burscheid-sonnenblume.de\/wp-content\/uploads\/2022\/01\/Amtsblatt-Nr.-18_2022.pdf\">Amtsblatt Nr. 18_2022<\/a><\/li><\/ul><\/div><\/div><\/div><div class=\"ea-card sp-ea-single\"><h3 class=\"ea-header\"><a class=\"collapsed\" id=\"ea-header-291310\" role=\"button\" data-sptoggle=\"spcollapse\" data-sptarget=\"#collapse291310\" aria-controls=\"collapse291310\" href=\"#\" aria-expanded=\"false\" tabindex=\"0\"><i aria-hidden=\"true\" role=\"presentation\" class=\"ea-expand-icon eap-icon-ea-expand-plus\"><\/i> Update vom Montag - 13.09.2021 (Neuregelung Quarant\u00e4ne)<\/a><\/h3><div class=\"sp-collapse spcollapse \" id=\"collapse291310\" role=\"region\" aria-labelledby=\"ea-header-291310\"> <div class=\"ea-body\"><p>Liebe Eltern,<br \/>liebe Besucher,<\/p><p>in der Anlage \u00fcbersenden wir Ihnen Informationen zur Neuregelung der Quarant\u00e4ne in der Kindertagesbetreuung. Mit der neuen Regelung wird die Quarant\u00e4ne auf die nachweislich infizierte Person beschr\u00e4nkt. Die \u00fcbrigen Personen d\u00fcrfen im Normalfall weiterhin betreut werden. Kinder und nicht immunisierte Besch\u00e4ftigte und nicht immunisierte Kindertagespflegepersonen sind verpflichtet, sich innerhalb der folgenden 14 Tage <u>dreimal<\/u> in der Woche zu testen.<\/p><ul><li><a href=\"https:\/\/burscheid-sonnenblume.de\/wp-content\/uploads\/2021\/09\/20210910-Offizielle-Information_Neuregelung-Quarantaene.pdf\">Offizielle Information_Neuregelung Quarant\u00e4ne 10.09.2021<\/a><\/li><li><a href=\"https:\/\/burscheid-sonnenblume.de\/wp-content\/uploads\/2021\/09\/210910_coronabetrvo_ab_11.09.2021_lesefassung_mit_markierungen.pdf\">Coronabetrvo ab 11.09.2021 Lesefassung_mit_markierungen 10.09.2021<\/a><\/li><\/ul><\/div><\/div><\/div><div class=\"ea-card sp-ea-single\"><h3 class=\"ea-header\"><a class=\"collapsed\" id=\"ea-header-291311\" role=\"button\" data-sptoggle=\"spcollapse\" data-sptarget=\"#collapse291311\" aria-controls=\"collapse291311\" href=\"#\" aria-expanded=\"false\" tabindex=\"0\"><i aria-hidden=\"true\" role=\"presentation\" class=\"ea-expand-icon eap-icon-ea-expand-plus\"><\/i> Update vom Mittwoch - 24.08.2021 (Coronabetreuungsverordnung)<\/a><\/h3><div class=\"sp-collapse spcollapse \" id=\"collapse291311\" role=\"region\" aria-labelledby=\"ea-header-291311\"> <div class=\"ea-body\"><p>Liebe Eltern,<br \/>liebe Besucher,<\/p><p>hier finden Sie die offizielle Information des Ministeriums zur Kenntnisnahme sowie die neue Coronabetreuungsverordnung vom 23.08.2021<\/p><ul><li><a href=\"https:\/\/burscheid-sonnenblume.de\/wp-content\/uploads\/2021\/08\/20210823-Offizielle-Information-CoronaBetrVO-ab-23.08.2021.pdf\">Offizielle Information CoronaBetrVO ab 23.08.2021<\/a><\/li><li><a href=\"https:\/\/burscheid-sonnenblume.de\/wp-content\/uploads\/2021\/08\/2021-08-22_coronabetrvo_ab_23.08.2021_lesefassung.pdf\">Coronabetrvo ab 23.08.2021 Lesefassung<\/a><\/li><\/ul><\/div><\/div><\/div><div class=\"ea-card sp-ea-single\"><h3 class=\"ea-header\"><a class=\"collapsed\" id=\"ea-header-291312\" role=\"button\" data-sptoggle=\"spcollapse\" data-sptarget=\"#collapse291312\" aria-controls=\"collapse291312\" href=\"#\" aria-expanded=\"false\" tabindex=\"0\"><i aria-hidden=\"true\" role=\"presentation\" class=\"ea-expand-icon eap-icon-ea-expand-plus\"><\/i> Update vom Montag - 05.07.2021 (Sommerzeit)<\/a><\/h3><div class=\"sp-collapse spcollapse \" id=\"collapse291312\" role=\"region\" aria-labelledby=\"ea-header-291312\"> <div class=\"ea-body\"><p>Liebe Eltern,<br \/>liebe Besucher,<\/p><p>hier finden Sie die offizielle Information des Ministeriums zur Kenntnisnahme.<\/p><ul><li><a href=\"https:\/\/burscheid-sonnenblume.de\/wp-content\/uploads\/2021\/07\/Ministerschreiben_Eltern-Sommerzeit.pdf\">Ministerschreiben_Eltern Sommerzeit<\/a><\/li><\/ul><\/div><\/div><\/div><div class=\"ea-card sp-ea-single\"><h3 class=\"ea-header\"><a class=\"collapsed\" id=\"ea-header-291313\" role=\"button\" data-sptoggle=\"spcollapse\" data-sptarget=\"#collapse291313\" aria-controls=\"collapse291313\" href=\"#\" aria-expanded=\"false\" tabindex=\"0\"><i aria-hidden=\"true\" role=\"presentation\" class=\"ea-expand-icon eap-icon-ea-expand-plus\"><\/i> Update vom Freitag - 04.06.2021 (Ferienschlie\u00dfzeiten)<\/a><\/h3><div class=\"sp-collapse spcollapse \" id=\"collapse291313\" role=\"region\" aria-labelledby=\"ea-header-291313\"> <div class=\"ea-body\"><p>Liebe Eltern,<br \/>liebe Besucher,<\/p><p>hier finden Sie die offizielle Information des Ministeriums zur Kenntnisnahme.<\/p><ul><li><a href=\"https:\/\/burscheid-sonnenblume.de\/wp-content\/uploads\/2021\/06\/20210602_Offizielle-Information-Land-NRW_Ferienschliesszeiten.pdf\">Offizielle Information Land NRW - Ferienschlie\u00dfzeiten<\/a><\/li><\/ul><\/div><\/div><\/div><div class=\"ea-card sp-ea-single\"><h3 class=\"ea-header\"><a class=\"collapsed\" id=\"ea-header-291314\" role=\"button\" data-sptoggle=\"spcollapse\" data-sptarget=\"#collapse291314\" aria-controls=\"collapse291314\" href=\"#\" aria-expanded=\"false\" tabindex=\"0\"><i aria-hidden=\"true\" role=\"presentation\" class=\"ea-expand-icon eap-icon-ea-expand-plus\"><\/i> Update vom Donnerstag - 27.05.2021 (Regelbetrieb ab 07.06) <\/a><\/h3><div class=\"sp-collapse spcollapse \" id=\"collapse291314\" role=\"region\" aria-labelledby=\"ea-header-291314\"> <div class=\"ea-body\"><p>Liebe Eltern,<br \/>liebe Besucher,<\/p><p>nunmehr haben woir die offizielle Information vom Ministerium erhalten, dass ab dem 07.06.2021 der Regelbetrieb mit den regul\u00e4ren \u00d6ffnungszeiten umgesetzt wird.<\/p><p>Anbei die Ministerschreiben zur Kenntnisnahme.<\/p><ul><li><a href=\"https:\/\/burscheid-sonnenblume.de\/wp-content\/uploads\/2021\/05\/Infos_vom_Ministerium_zum_Regelbetrieb_ab_dem_07.06.2021_.pdf\">Infos vom Ministerium zum Regelbetrieb ab dem 07.06.2021<\/a><\/li><li><a href=\"https:\/\/burscheid-sonnenblume.de\/wp-content\/uploads\/2021\/05\/Infos_vom_Ministerium_zum_Regelbetrieb_ab_dem_07.06.2021_-1.pdf\">Information f\u00fcr Eltern vom Ministerium zum Regelbetrieb ab dem 07.06.2021<\/a><\/li><\/ul><\/div><\/div><\/div><div class=\"ea-card sp-ea-single\"><h3 class=\"ea-header\"><a class=\"collapsed\" id=\"ea-header-291315\" role=\"button\" data-sptoggle=\"spcollapse\" data-sptarget=\"#collapse291315\" aria-controls=\"collapse291315\" href=\"#\" aria-expanded=\"false\" tabindex=\"0\"><i aria-hidden=\"true\" role=\"presentation\" class=\"ea-expand-icon eap-icon-ea-expand-plus\"><\/i> Update vom Freitag - 23.04.2021 (Bundesnotbremse)<\/a><\/h3><div class=\"sp-collapse spcollapse \" id=\"collapse291315\" role=\"region\" aria-labelledby=\"ea-header-291315\"> <div class=\"ea-body\"><p>Liebe Eltern,<br \/>liebe Besucher,<\/p><p>anbei die aktuelle Info des Ministeriums vom 22.04.2021.<\/p><ul><li><a href=\"https:\/\/burscheid-sonnenblume.de\/wp-content\/uploads\/2021\/04\/anlage_eigenerklaerung_betreuungsbedarf.pdf\">Anlage Eigenerklaerung Betreuungsbedarf<\/a><\/li><li><a href=\"https:\/\/burscheid-sonnenblume.de\/wp-content\/uploads\/2021\/04\/ministerschreiben_eltern_bundesnotbremse_22042021.pdf\">Ministerschreiben Eltern Bundesnotbremse<\/a><\/li><li><a href=\"https:\/\/burscheid-sonnenblume.de\/wp-content\/uploads\/2021\/04\/offizielle_information_bundesnotbremse_220402021.pdf\">Offizielle Information Bundesnotbremse<\/a><\/li><\/ul><p>Vielen Dank!<\/p><\/div><\/div><\/div><div class=\"ea-card sp-ea-single\"><h3 class=\"ea-header\"><a class=\"collapsed\" id=\"ea-header-291316\" role=\"button\" data-sptoggle=\"spcollapse\" data-sptarget=\"#collapse291316\" aria-controls=\"collapse291316\" href=\"#\" aria-expanded=\"false\" tabindex=\"0\"><i aria-hidden=\"true\" role=\"presentation\" class=\"ea-expand-icon eap-icon-ea-expand-plus\"><\/i> Update vom Montag - 12.04.2021 (Ministerschreiben verz\u00f6gerung der Testm\u00f6glichkeiten)<\/a><\/h3><div class=\"sp-collapse spcollapse \" id=\"collapse291316\" role=\"region\" aria-labelledby=\"ea-header-291316\"> <div class=\"ea-body\"><p>Liebe Eltern,<br \/>liebe Besucher,<\/p><p>anbei die aktuelle Info des Ministeriums vom heutigen Sp\u00e4t-Nachmittag mit der Bitte um Kenntnisnahme und Beachtung.<br \/>Vielen Dank!<\/p><ul><li><a href=\"https:\/\/burscheid-sonnenblume.de\/wp-content\/uploads\/2021\/04\/document.pdf\">Ministerschreiben Testm\u00f6glichkeiten<\/a><\/li><\/ul><\/div><\/div><\/div><div class=\"ea-card sp-ea-single\"><h3 class=\"ea-header\"><a class=\"collapsed\" id=\"ea-header-291317\" role=\"button\" data-sptoggle=\"spcollapse\" data-sptarget=\"#collapse291317\" aria-controls=\"collapse291317\" href=\"#\" aria-expanded=\"false\" tabindex=\"0\"><i aria-hidden=\"true\" role=\"presentation\" class=\"ea-expand-icon eap-icon-ea-expand-plus\"><\/i> Update vom Freitag - 09.04.2021 (Ministerschreiben angek\u00fcndigte Selbsttests)<\/a><\/h3><div class=\"sp-collapse spcollapse \" id=\"collapse291317\" role=\"region\" aria-labelledby=\"ea-header-291317\"> <div class=\"ea-body\"><p>Liebe Eltern,<br \/>anbei erhalten Sie die offizielle Mitteilung des Ministeriums zu den angek\u00fcndigten Selbsttests, die nach Aussage des Ministeriums am Montag, den 12.04.2021 uns zur Verf\u00fcgung stehen sollen. Bis jetzt - Freitag, den 09.04.2021 16:35 Uhr - sind keine Selbsttests eingegangen!<\/p><ul><li><a href=\"https:\/\/burscheid-sonnenblume.de\/wp-content\/uploads\/2021\/04\/document1.pdf\">Ministerschreiben Selbsttests ab 12.04.2021<\/a><\/li><li><a href=\"https:\/\/burscheid-sonnenblume.de\/wp-content\/uploads\/2021\/04\/document2.pdf\">Gebrauchsanweisung COVID Schnelltest<\/a><\/li><\/ul><\/div><\/div><\/div><div class=\"ea-card sp-ea-single\"><h3 class=\"ea-header\"><a class=\"collapsed\" id=\"ea-header-291318\" role=\"button\" data-sptoggle=\"spcollapse\" data-sptarget=\"#collapse291318\" aria-controls=\"collapse291318\" href=\"#\" aria-expanded=\"false\" tabindex=\"0\"><i aria-hidden=\"true\" role=\"presentation\" class=\"ea-expand-icon eap-icon-ea-expand-plus\"><\/i> Update vom Montag - 29.03.2021 (Ministerschreiben Kindertagesbetreuung nach den Ostertagen)<\/a><\/h3><div class=\"sp-collapse spcollapse \" id=\"collapse291318\" role=\"region\" aria-labelledby=\"ea-header-291318\"> <div class=\"ea-body\"><p>Liebe Eltern,<br \/>liebe Besucher;<\/p><p>anbei das aktuelle Ministerschreiben vom heutigen Tag.<br \/>Inwieweit die beschriebenen Regelungen Einfluss auf unsere \u00d6ffnungszeiten nach den Osterferien nehmen, unddiese ggfls. angepasst werden, wird sich nach Ostern entscheiden.<\/p><ul><li><a href=\"https:\/\/burscheid-sonnenblume.de\/wp-content\/uploads\/2021\/03\/Ministerschreiben_fu\u0308r_die_Eltern_-1.pdf\">Ministerschreiben fu\u0308r die Eltern 29.03.2021<\/a><\/li><\/ul><\/div><\/div><\/div><div class=\"ea-card sp-ea-single\"><h3 class=\"ea-header\"><a class=\"collapsed\" id=\"ea-header-291319\" role=\"button\" data-sptoggle=\"spcollapse\" data-sptarget=\"#collapse291319\" aria-controls=\"collapse291319\" href=\"#\" aria-expanded=\"false\" tabindex=\"0\"><i aria-hidden=\"true\" role=\"presentation\" class=\"ea-expand-icon eap-icon-ea-expand-plus\"><\/i> Update vom Samstag - 06.03.2021 (Abstriche der Hummelgruppe sind negativ)<\/a><\/h3><div class=\"sp-collapse spcollapse \" id=\"collapse291319\" role=\"region\" aria-labelledby=\"ea-header-291319\"> <div class=\"ea-body\"><p>Liebe Besucher,<br \/>liebe Eltern,<\/p><p>anbei den beruhigenden Auszug aus dem Schreiben des Gesundheitsamtes mit dem Abstrich-Ergebnis zur Kenntnisnahme.<\/p><p>...das Gesundheitsamt hat am 05.03.2021 in der Kita Sonnenblume in Burscheid eine Abstrichaktion auf Grund des dortigen Infektionsgeschehens durchgef\u00fchrt. Mittlerweile liegen alle Ergebnisse der Laboruntersuchung vor. Die Ergebnisse aller getesteten Personen (Kinder und Mitarbeiter) der Hummelgrupe sind <strong>negativ<\/strong>.\u201c<\/p><p>Bleiben Sie gesund und optimistisch!<\/p><\/div><\/div><\/div><div class=\"ea-card sp-ea-single\"><h3 class=\"ea-header\"><a class=\"collapsed\" id=\"ea-header-291320\" role=\"button\" data-sptoggle=\"spcollapse\" data-sptarget=\"#collapse291320\" aria-controls=\"collapse291320\" href=\"#\" aria-expanded=\"false\" tabindex=\"0\"><i aria-hidden=\"true\" role=\"presentation\" class=\"ea-expand-icon eap-icon-ea-expand-plus\"><\/i> Update vom Freitag - 05.03.2021 (Allgemeinverf\u00fcgung Hummelgruppe)<\/a><\/h3><div class=\"sp-collapse spcollapse \" id=\"collapse291320\" role=\"region\" aria-labelledby=\"ea-header-291320\"> <div class=\"ea-body\"><p>Liebe Eltern, liebe Besucher,<\/p><p>anbei ver\u00f6ffentlichen wir nach R\u00fccksprache des RBK's die Allgemeinverf\u00fcgung f\u00fcr alle Kinder und Mitarbeiter der Hummelgruppe.<\/p><ul><li><a href=\"https:\/\/burscheid-sonnenblume.de\/wp-content\/uploads\/2021\/03\/AV-Kita-Sonnenblume-05032021.pdf\">AV Kita Sonnenblume 05032021<\/a><\/li><\/ul><\/div><\/div><\/div><div class=\"ea-card sp-ea-single\"><h3 class=\"ea-header\"><a class=\"collapsed\" id=\"ea-header-291321\" role=\"button\" data-sptoggle=\"spcollapse\" data-sptarget=\"#collapse291321\" aria-controls=\"collapse291321\" href=\"#\" aria-expanded=\"false\" tabindex=\"0\"><i aria-hidden=\"true\" role=\"presentation\" class=\"ea-expand-icon eap-icon-ea-expand-plus\"><\/i> Update vom Donnerstag - 04.03.2021 (Ministerschreiben)<\/a><\/h3><div class=\"sp-collapse spcollapse \" id=\"collapse291321\" role=\"region\" aria-labelledby=\"ea-header-291321\"> <div class=\"ea-body\"><p>Liebe Eltern, liebe Besucher,<\/p><p>das Ministerium f\u00fcr Kinder, Familien, Fl\u00fcchtlinge und Integration hat uns angeh\u00e4ngte Information zukommen lassen und um Weiterleitung an die Sie gebeten.<\/p><ul><li><a href=\"https:\/\/burscheid-sonnenblume.de\/wp-content\/uploads\/2021\/03\/Ministerschreiben_f\u00fcr_die_Eltern_.pdf\">Ministerschreiben f\u00fcr die Eltern vom 04.03.2021<\/a><\/li><\/ul><\/div><\/div><\/div><div class=\"ea-card sp-ea-single\"><h3 class=\"ea-header\"><a class=\"collapsed\" id=\"ea-header-291322\" role=\"button\" data-sptoggle=\"spcollapse\" data-sptarget=\"#collapse291322\" aria-controls=\"collapse291322\" href=\"#\" aria-expanded=\"false\" tabindex=\"0\"><i aria-hidden=\"true\" role=\"presentation\" class=\"ea-expand-icon eap-icon-ea-expand-plus\"><\/i> Update\u00a0vom Freitag - 26.02.2021 (\u00d6ffnungszeiten ab 08.03.2021)<\/a><\/h3><div class=\"sp-collapse spcollapse \" id=\"collapse291322\" role=\"region\" aria-labelledby=\"ea-header-291322\"> <div class=\"ea-body\"><div class=\"page\" title=\"Page 2\"><div class=\"layoutArea\"><p class=\"column\">Liebe Eltern,<\/p><div class=\"page\" title=\"Page 2\"><div class=\"layoutArea\"><div class=\"column\"><p>liebe Besucher,<\/p><p>wir beabsichtigen, ab dem 08.03.2021 die \u00d6ffnungszeiten im eingschr\u00e4nkten Regelbetrieb nochmals der Situation anzupassen. Mit dieser \u00d6ffnung m\u00f6chten wir den Belastungen im beruflichen und h\u00e4uslich-familie\u00e4ren Bereich entgegenwirken.<br \/>Diese Anpassung muss unter Einhaltung der festen Gruppen mit denen Ihnen bekannten Hygiene- und Verhaltensregen zur Eind\u00e4mmung des Infektionsgeschehens erfolgen.<\/p><p>Wir k\u00f6nnen diese \u00d6ffnungszeiten nur halten, wenn es zu keinen gravierenden Personalausf\u00e4llen, krankheitsbedingt und\/oder urlaubsbedingt kommt. Gegebenenfalls m\u00fcssen wir die \u00d6ffnung kurzfristig zur\u00fccknehmen.<br \/>Bereits absehbar werden wir in den Osterferien die erweiterten \u00d6ffnungszeiten nicht anbieten k\u00f6nnen.<\/p><\/div><div class=\"page\" title=\"Page 3\"><div class=\"layoutArea\"><div class=\"column\"><hr \/><p><span style=\"color: #6b8e23\"><strong>\u00d6ffnungszeiten im eingeschr\u00e4nkten Regelbetrieb ab dem 08.03.2021<\/strong><\/span><\/p><\/div><\/div><div class=\"layoutArea\"><div class=\"column\"><ul><li>F\u00fcr die Tagesst\u00e4ttenkinder mit 45 Wochenstunden \u00f6ffnen wir die Einrichtung um 7:00 Uhr und die Betreuung endet um 16:00 Uhr \u2013 der Mittagssnack findet wieder um 14:30 Uhr statt.<\/li><li>F\u00fcr die Blockkinder mit 35 Wochenstunden \u00f6ffnen wir die Einrichtung um 7:00 Uhr und die Betreuung endet um 13:30 Uhr<\/li><li>F\u00fcr die Vormittagskinder mit 25 Wochenstunden \u00f6ffnen wir die Einrichtung um 7:00 Uhr und die Betreuung endet um 11:30 Uhr<\/li><\/ul><hr \/><p><span style=\"color: #6b8e23\"><strong>\u00d6ffnungszeiten in den Osterferien vom 29.03 bis 09.04.2021<\/strong><\/span><\/p><ul><li>F\u00fcr die Tagesst\u00e4ttenkinder mit 45 Wochenstunden \u00f6ffnen wir die Einrichtung um 7:00 Uhr und die Betreuung endet um 14:30 Uhr \u2013 ohne Mittagssnack<\/li><li>F\u00fcr die Blockkinder mit 35 Wochenstunden \u00f6ffnen wir die Einrichtung um 7:00 Uhr und die Betreuung endet um 12:30 Uhr<\/li><li>F\u00fcr die Vormittagskinder mit 25 Wochenstunden \u00f6ffnen wir die Einrichtung um 7:00 Uhr und die Betreuung endet um 11:15 Uhr.<\/li><\/ul><p>Wenn Sie Fragen oder Anregungen zu der beschriebenen Anpassung haben, sprechen Sie uns gerne an.<\/p><\/div><\/div><\/div><\/div><\/div><\/div><\/div><\/div><\/div><\/div><div class=\"ea-card sp-ea-single\"><h3 class=\"ea-header\"><a class=\"collapsed\" id=\"ea-header-291323\" role=\"button\" data-sptoggle=\"spcollapse\" data-sptarget=\"#collapse291323\" aria-controls=\"collapse291323\" href=\"#\" aria-expanded=\"false\" tabindex=\"0\"><i aria-hidden=\"true\" role=\"presentation\" class=\"ea-expand-icon eap-icon-ea-expand-plus\"><\/i> Update vom Mittwoch - 24.02.2021 (Antr\u00e4ge auf Kinderkrankengeld)<\/a><\/h3><div class=\"sp-collapse spcollapse \" id=\"collapse291323\" role=\"region\" aria-labelledby=\"ea-header-291323\"> <div class=\"ea-body\"><p>Liebe Eltern, liebe Besucher,<\/p><p>das Ministerium f\u00fcr Kinder, Familien, Fl\u00fcchtlinge und Integration hat uns angeh\u00e4ngte Information zukommen lassen und um Weiterleitung an die Sie gebeten.<\/p><ul><li><a href=\"https:\/\/burscheid-sonnenblume.de\/wp-content\/uploads\/2021\/03\/20210224-Offizielle-Informationen-Kinderkrankengeld-und-Betreuungsentschadigung.pdf\">Offizielle Informationen Kinderkrankengeld und Betreuungsentschadigung<\/a><\/li><\/ul><\/div><\/div><\/div><div class=\"ea-card sp-ea-single\"><h3 class=\"ea-header\"><a class=\"collapsed\" id=\"ea-header-291324\" role=\"button\" data-sptoggle=\"spcollapse\" data-sptarget=\"#collapse291324\" aria-controls=\"collapse291324\" href=\"#\" aria-expanded=\"false\" tabindex=\"0\"><i aria-hidden=\"true\" role=\"presentation\" class=\"ea-expand-icon eap-icon-ea-expand-plus\"><\/i> Update vom Dienstag - 16.02.2021 (Ministerschreiben &amp; Perspektiven)<\/a><\/h3><div class=\"sp-collapse spcollapse \" id=\"collapse291324\" role=\"region\" aria-labelledby=\"ea-header-291324\"> <div class=\"ea-body\"><p>Liebe Eltern,<br \/>anbei das Schreiben des Ministeriums sowie das Schaubild (Planung f\u00fcr die Kindertagesbetreuung) , welches Ihnen wie uns nunmehr eine Perspektive,<br \/>durch einen geplanten Stufenplan des Ministeriums, aufzeigt.<br \/>Gerne schlie\u00dfen wir uns der Formulierung des Ministeriums an, dass ab kommenden Montag, 22.02.2021 alle Kinder eingeladen sind, die Kindertageseinrichtung wieder zu besuchen. Alle weiteren Regelungen des eingeschr\u00e4nkten Regelbetrieb finden Sie im beigef\u00fcgten Ministerschreiben.<\/p><ul><li><a href=\"https:\/\/burscheid-sonnenblume.de\/wp-content\/uploads\/2021\/02\/20210216-Ministerschreiben-Eltern-Betrieb-ab-22.02.-und-Perspektiven.pdf\">Ministerschreiben Eltern Betrieb ab 22.02. und Perspektiven<\/a><\/li><li><a href=\"https:\/\/burscheid-sonnenblume.de\/wp-content\/uploads\/2021\/02\/Planung-fuer-die-Kindertagesbetreuung.pdf\">Planung f\u00fcr die Kindertagesbetreuung<\/a><\/li><\/ul><\/div><\/div><\/div><div class=\"ea-card sp-ea-single\"><h3 class=\"ea-header\"><a class=\"collapsed\" id=\"ea-header-291325\" role=\"button\" data-sptoggle=\"spcollapse\" data-sptarget=\"#collapse291325\" aria-controls=\"collapse291325\" href=\"#\" aria-expanded=\"false\" tabindex=\"0\"><i aria-hidden=\"true\" role=\"presentation\" class=\"ea-expand-icon eap-icon-ea-expand-plus\"><\/i> Update vom Freitag - 12.02.2021 (Neue Informationen vom Ministerium)<\/a><\/h3><div class=\"sp-collapse spcollapse \" id=\"collapse291325\" role=\"region\" aria-labelledby=\"ea-header-291325\"> <div class=\"ea-body\"><p>Liebe Eltern,<br \/>gerade hat uns die offizielle Eilmitteilung des Ministeriums mit der Bitte um Weitergabe an Sie erreicht.<br \/>Wir bitten um Kenntnisnahme und entsprechende Beachtung. Somit wird die Notbetreuung im eingeschr\u00e4nkten Pandemiebetrieb bis zum 19.02.2021 verl\u00e4ngert.<\/p><p>Gleichfalls wird der dringende Appell wiederholt, in der kommenden Wochen - wann immer m\u00f6glich - die Kinder selbst zu betreuen. Sobald wir weitere Informationen erhalten, geben wir diese unverz\u00fcglich an Sie weiter.<\/p><ul><li><a href=\"https:\/\/burscheid-sonnenblume.de\/wp-content\/uploads\/2021\/02\/Neue_Informationen_vom_Ministerium_.pdf\">Neue Informationen vom Ministerium 12.02.2021<\/a><\/li><\/ul><\/div><\/div><\/div><div class=\"ea-card sp-ea-single\"><h3 class=\"ea-header\"><a class=\"collapsed\" id=\"ea-header-291326\" role=\"button\" data-sptoggle=\"spcollapse\" data-sptarget=\"#collapse291326\" aria-controls=\"collapse291326\" href=\"#\" aria-expanded=\"false\" tabindex=\"0\"><i aria-hidden=\"true\" role=\"presentation\" class=\"ea-expand-icon eap-icon-ea-expand-plus\"><\/i> Update\u00a0vom Donnerstag - 21.01.2021 (Pandemiebetrieb &amp; Kinderkrankengeld)<\/a><\/h3><div class=\"sp-collapse spcollapse \" id=\"collapse291326\" role=\"region\" aria-labelledby=\"ea-header-291326\"> <div class=\"ea-body\"><p>Liebe Eltern, liebe Besucher,<\/p><p>das Ministerium f\u00fcr Kinder, Familien, Fl\u00fcchtlinge und Integration hat uns angeh\u00e4ngte Information zukommen lassen und um Weiterleitung an die Sie gebeten. Unterstehend finden Sie die beiden Dokumente als PDF Datei.<\/p><ul><li><a href=\"https:\/\/burscheid-sonnenblume.de\/wp-content\/uploads\/2021\/01\/Eingeschraenkter_Pandemiebetrieb_bis_14.02.2021_.pdf\">Eingeschr\u00e4nkter Pandemiebetrieb bis 14.02.2021<\/a><\/li><li><a href=\"https:\/\/burscheid-sonnenblume.de\/wp-content\/uploads\/2021\/01\/Erweiterung_des_Anspruchs_auf_Kinderkrankengeld_.pdf\">Erweiterung des Anspruchs auf Kinderkrankengeld<\/a><\/li><\/ul><\/div><\/div><\/div><div class=\"ea-card sp-ea-single\"><h3 class=\"ea-header\"><a class=\"collapsed\" id=\"ea-header-291327\" role=\"button\" data-sptoggle=\"spcollapse\" data-sptarget=\"#collapse291327\" aria-controls=\"collapse291327\" href=\"#\" aria-expanded=\"false\" tabindex=\"0\"><i aria-hidden=\"true\" role=\"presentation\" class=\"ea-expand-icon eap-icon-ea-expand-plus\"><\/i> Update vom Freitag - 15.01.2021 (Elternbeitr\u00e4ge 01.2021)<\/a><\/h3><div class=\"sp-collapse spcollapse \" id=\"collapse291327\" role=\"region\" aria-labelledby=\"ea-header-291327\"> <div class=\"ea-body\"><p>Liebe Eltern,<br \/>liebe Besucher,<\/p><p>heute informieren wir Sie \u00fcber die Presseinformation bez\u00fcglich der R\u00fcckerstattung der Elternbeitr\u00e4ge f\u00fcr den Monat Januar 2021.<\/p><ul><li><a href=\"https:\/\/burscheid-sonnenblume.de\/wp-content\/uploads\/2021\/01\/Elternbeitraege-Januar-2021.pdf\">Elternbeitr\u00e4ge Januar 2021<\/a><\/li><\/ul><\/div><\/div><\/div><div class=\"ea-card sp-ea-single\"><h3 class=\"ea-header\"><a class=\"collapsed\" id=\"ea-header-291328\" role=\"button\" data-sptoggle=\"spcollapse\" data-sptarget=\"#collapse291328\" aria-controls=\"collapse291328\" href=\"#\" aria-expanded=\"false\" tabindex=\"0\"><i aria-hidden=\"true\" role=\"presentation\" class=\"ea-expand-icon eap-icon-ea-expand-plus\"><\/i> Update\u00a0vom Donnerstag - 07.01.2021 (eingeschr\u00e4nkter Pandmiebetrieb)<\/a><\/h3><div class=\"sp-collapse spcollapse \" id=\"collapse291328\" role=\"region\" aria-labelledby=\"ea-header-291328\"> <div class=\"ea-body\"><p>Liebe Eltern, liebe Besucher,<\/p><p>das Ministerium f\u00fcr Kinder, Familien, Fl\u00fcchtlinge und Integration hat uns angeh\u00e4ngte Information zukommen lassen und um Weiterleitung an die Sie gebeten.<\/p><ul><li><a href=\"https:\/\/burscheid-sonnenblume.de\/wp-content\/uploads\/2021\/01\/20210107_Offizielle_Information-eingeschraenkter-Pandemiebetrieb.pdf\">Information eingeschr\u00e4nkter Pandemiebetrieb (07.01.2021)<\/a><\/li><li><a href=\"https:\/\/burscheid-sonnenblume.de\/wp-content\/uploads\/2021\/01\/20210107-Elternbrief-Minister-eingeschraenkter-Pandmiebetrieb.pdf\">Elternbrief Minister eingeschr\u00e4nkter Pandmiebetrieb (07.01.2021)<\/a><\/li><\/ul><\/div><\/div><\/div><div class=\"ea-card sp-ea-single\"><h3 class=\"ea-header\"><a class=\"collapsed\" id=\"ea-header-291329\" role=\"button\" data-sptoggle=\"spcollapse\" data-sptarget=\"#collapse291329\" aria-controls=\"collapse291329\" href=\"#\" aria-expanded=\"false\" tabindex=\"0\"><i aria-hidden=\"true\" role=\"presentation\" class=\"ea-expand-icon eap-icon-ea-expand-plus\"><\/i> Update vom Montag - 14.12.2020 (Ministerschreiben)<\/a><\/h3><div class=\"sp-collapse spcollapse \" id=\"collapse291329\" role=\"region\" aria-labelledby=\"ea-header-291329\"> <div class=\"ea-body\"><p>Liebe Eltern, liebe Besucher,<\/p><p>das Ministerium f\u00fcr Kinder, Familien, Fl\u00fcchtlinge und Integration hat uns angeh\u00e4ngte Information zukommen lassen und um Weiterleitung an die Sie gebeten.<\/p><ul><li><a href=\"https:\/\/burscheid-sonnenblume.de\/wp-content\/uploads\/2020\/12\/Ministerschreiben-an-Eltern-vom-12.12.2020.pdf\">Ministerschreiben an Eltern vom 12.12.2020<\/a><\/li><\/ul><\/div><\/div><\/div><div class=\"ea-card sp-ea-single\"><h3 class=\"ea-header\"><a class=\"collapsed\" id=\"ea-header-291330\" role=\"button\" data-sptoggle=\"spcollapse\" data-sptarget=\"#collapse291330\" aria-controls=\"collapse291330\" href=\"#\" aria-expanded=\"false\" tabindex=\"0\"><i aria-hidden=\"true\" role=\"presentation\" class=\"ea-expand-icon eap-icon-ea-expand-plus\"><\/i> Update vom Freitag - 11.12.2020 (Lockdown bis 10.01.2021)<\/a><\/h3><div class=\"sp-collapse spcollapse \" id=\"collapse291330\" role=\"region\" aria-labelledby=\"ea-header-291330\"> <div class=\"ea-body\"><p>Liebe Eltern, liebe Besucher,<\/p><p>das Ministerium f\u00fcr Kinder, Familien, Fl\u00fcchtlinge und Integration hat uns angeh\u00e4ngte Information zukommen lassen und um Weiterleitung an die Sie gebeten.<\/p><p><strong>F\u00fcr den Zeitraum vom 14. Dezember 2020 bis zum 10. Januar 2021 gelten daher folgende Hinweise f\u00fcr die Kindertagesbetreuung<\/strong><\/p><ul><li>Die geplanten Schlie\u00dfzeiten werden umgesetzt.<\/li><li>Die Angebote der Kindertagesbetreuung werden dar\u00fcber hinaus nicht geschlossen, d.h. es wird kein Betretungsverbot (wie im Fr\u00fchjahr) ausgesprochen.<\/li><li>Die Betreuungsgarantie gilt: <strong>Kinder, f\u00fcr die der Besuch in ihrem Kindertagesbetreuungsangebot unverzichtbar ist, bekommen ein Betreuungsangebot.<\/strong><\/li><li>Wenn Eltern Hilfe und eine Betreuung brauchen, bekommen Sie diese. Das gilt ausdr\u00fccklich auch f\u00fcr private Gr\u00fcnde. Kein Kind soll durch diesen Lockdown Schaden nehmen. Suchen Sie den vertrauensvollen Kontakt zu Ihrer Kita oder Kindertagespflegeperson.<\/li><li>Der Betrieb soll vom 14. Dezember 2020 bis 10. Januar 2021 aber auf ein Minimum reduziert werden.<\/li><li>Es geht daher der dringende Appell an alle Eltern, dieses Angebot nur zu nutzen, wenn es absolut notwendig ist. Die Weihnachtszeit und die Zeit zwischen den Jahren sind f\u00fcr viele Familien ohnehin arbeitsfreie Tage. Wir bitten alle Eltern: Machen Sie von allen anderen M\u00f6glichkeiten Gebrauch, Beruf und Betreuung zu vereinbaren und bringen Sie, wenn es Ihnen m\u00f6glich ist, Ihr Kind nicht in die Betreuung!<\/li><\/ul><p><a href=\"https:\/\/burscheid-sonnenblume.de\/wp-content\/uploads\/2020\/12\/offizielle_information_lockdown_14.12.2020_bis_10.01.2021.pdf\">Offizielle Information Lockdown 14.12.2020 bis 10.01.2021<\/a><\/p><\/div><\/div><\/div><div class=\"ea-card sp-ea-single\"><h3 class=\"ea-header\"><a class=\"collapsed\" id=\"ea-header-291331\" role=\"button\" data-sptoggle=\"spcollapse\" data-sptarget=\"#collapse291331\" aria-controls=\"collapse291331\" href=\"#\" aria-expanded=\"false\" tabindex=\"0\"><i aria-hidden=\"true\" role=\"presentation\" class=\"ea-expand-icon eap-icon-ea-expand-plus\"><\/i> Update vom Dienstag - 08.12.2020 (Ministerschreiben)<\/a><\/h3><div class=\"sp-collapse spcollapse \" id=\"collapse291331\" role=\"region\" aria-labelledby=\"ea-header-291331\"> <div class=\"ea-body\"><p>Liebe Eltern,<\/p><p>heute erhielten wir zwei neue Schreiben vom Ministerium f\u00fcr Kinder, Familie, Fl\u00fcchtlinge und Integration des Landes Nordrhein-Westfalen (MKFFI) mit der Bitte um weitergabe.<\/p><p><a href=\"https:\/\/burscheid-sonnenblume.de\/wp-content\/uploads\/2020\/12\/20201208-Ministerschreiben-Pandemiebetrieb-Kita.pdf\">- Ministerschreiben Pandemiebetrieb Kita (08.12.2020)<\/a><br \/><a href=\"https:\/\/burscheid-sonnenblume.de\/wp-content\/uploads\/2020\/12\/20201207_Kindertageseinrichtungen-im-Pandemiebetrieb.pdf\">- Kindertageseinrichtungen im Pandemiebetrieb (07.12.2020)<\/a><\/p><\/div><\/div><\/div><div class=\"ea-card sp-ea-single\"><h3 class=\"ea-header\"><a class=\"collapsed\" id=\"ea-header-291332\" role=\"button\" data-sptoggle=\"spcollapse\" data-sptarget=\"#collapse291332\" aria-controls=\"collapse291332\" href=\"#\" aria-expanded=\"false\" tabindex=\"0\"><i aria-hidden=\"true\" role=\"presentation\" class=\"ea-expand-icon eap-icon-ea-expand-plus\"><\/i> Update\u00a0vom Montag - 07.12.2020 (Pressemitteilung)<\/a><\/h3><div class=\"sp-collapse spcollapse \" id=\"collapse291332\" role=\"region\" aria-labelledby=\"ea-header-291332\"> <div class=\"ea-body\"><p>Liebe Eltern,<br \/>am 03.12.2020 ver\u00f6ffentlichte der Rheinisch-Bergischen Kreis die Pressemitteilung<br \/>\"Corona-Virus - Neue Verordnung des Landes Nordrhein-Westfalen gibt einheitliche Quarant\u00e4neregelungen vor\".<\/p><p>Diese haben wir Ihnen unten beigef\u00fcgt.<\/p><p>- <a href=\"https:\/\/burscheid-sonnenblume.de\/wp-content\/uploads\/2020\/12\/Pressemitteilung-530.pdf\">Pressemitteilung 530<\/a><\/p><\/div><\/div><\/div><div class=\"ea-card sp-ea-single\"><h3 class=\"ea-header\"><a class=\"collapsed\" id=\"ea-header-291333\" role=\"button\" data-sptoggle=\"spcollapse\" data-sptarget=\"#collapse291333\" aria-controls=\"collapse291333\" href=\"#\" aria-expanded=\"false\" tabindex=\"0\"><i aria-hidden=\"true\" role=\"presentation\" class=\"ea-expand-icon eap-icon-ea-expand-plus\"><\/i> Update\u00a0vom Donnerstag - 19.11.2020 (h\u00e4uslicher Quarant\u00e4ne &amp; Amtsblatt Nr. 93)<\/a><\/h3><div class=\"sp-collapse spcollapse \" id=\"collapse291333\" role=\"region\" aria-labelledby=\"ea-header-291333\"> <div class=\"ea-body\"><p>Liebe Eltern,<br \/>zum am 19.11.2020 \u00a0erhielten wir vom Rheinisch-Bergischen Kreis eine Nachricht, mit der Bitte diese an Sie weiterzuleiten.<\/p><p>..der Rheinisch-Bergische Kreis hat am 18.11.2020 eine \u201eAllgemeinverf\u00fcgung zur Isolation von positiv auf das Corona-Virus getesteten Personen sowie im selben Hausstand lebenden Kontaktpersonen der Kategorie I\u201c erlassen.\u00a0Sie besagt, dass alle B\u00fcrgerinnen und B\u00fcrger, die mittels eines PCR-Tests positiv auf das Corona-Virus getesteten worden sind, sich unverz\u00fcglich in Quarant\u00e4ne zu begeben haben. Dies gilt auch f\u00fcr Personen, die im selben Haushalt wohnen und daher als Kontaktpersonen ersten Grades gelten. Damit soll erreicht werden, dass Infektionsketten m\u00f6glichst schnell durchbrochen werden und f\u00fcr alle B\u00fcrgerinnen und B\u00fcrger eine praktikable sowie einheitliche L\u00f6sung umgesetzt wird. Die Allgemeinverf\u00fcgung gibt Regeln und Fristen f\u00fcr positiv getestete Personen und ihren Haushalt vor.<\/p><ul><li><a href=\"https:\/\/burscheid-sonnenblume.de\/wp-content\/uploads\/2020\/11\/504.pdf\">Presseinformation 504 zur Isolation in h\u00e4uslicher Quarant\u00e4ne<\/a><\/li><li><a href=\"https:\/\/burscheid-sonnenblume.de\/wp-content\/uploads\/2020\/11\/amtsblatt-nr.-93-2020.pdf\">\u00a0Amtsblatt Nr. 93 2020<\/a><div class=\"layoutArea\"><\/div><\/li><\/ul><\/div><\/div><\/div><div class=\"ea-card sp-ea-single\"><h3 class=\"ea-header\"><a class=\"collapsed\" id=\"ea-header-291334\" role=\"button\" data-sptoggle=\"spcollapse\" data-sptarget=\"#collapse291334\" aria-controls=\"collapse291334\" href=\"#\" aria-expanded=\"false\" tabindex=\"0\"><i aria-hidden=\"true\" role=\"presentation\" class=\"ea-expand-icon eap-icon-ea-expand-plus\"><\/i> Update\u00a0vom Sonntag - 20.09.2020<\/a><\/h3><div class=\"sp-collapse spcollapse \" id=\"collapse291334\" role=\"region\" aria-labelledby=\"ea-header-291334\"> <div class=\"ea-body\"><p>Liebe Eltern,<\/p><p>vielleicht planen Sie mit Ihrer Familie den n\u00e4chsten Urlaub oder befinden sich bereits im Urlaub und Ihre Heimreise steht bevor. Am 20.09.2020 haben wir Ihnen diesbez\u00fcglich eine Kita-Info-App Nachricht gesebndet.<\/p><p>Bitte beachten Sie die beigef\u00fcgten wichtigen beigef\u00fcgten Informationen, bevor Sie mit Ihrem Kind die Einrichtung besuchen.<\/p><ul><li><a href=\"https:\/\/burscheid-sonnenblume.de\/wp-content\/uploads\/2020\/09\/mags-informationen-fuer-reisende-aus-risikogebieten.pdf\">Mags - Informationen f\u00fcr Reisende aus Risikogebieten<\/a><\/li><li><a href=\"https:\/\/burscheid-sonnenblume.de\/wp-content\/uploads\/2020\/09\/Fragebogen-zu-COVID-19-fuer-aus-dem-Urlaub-zurueckgekehrten-Kitakinder-mit-ihren-Familien.pdf\">Fragebogen zu COVID 19 f\u00fcr aus dem Urlaub zur\u00fcckgekehrten Kitakinder mit ihren Familien<\/a><\/li><\/ul><p>F\u00fcr das ganze Team der Caritas Kita \u201eSonnenblume\u201c<\/p><p>Brigitte Sartingen-Kranz<\/p><\/div><\/div><\/div><div class=\"ea-card sp-ea-single\"><h3 class=\"ea-header\"><a class=\"collapsed\" id=\"ea-header-291335\" role=\"button\" data-sptoggle=\"spcollapse\" data-sptarget=\"#collapse291335\" aria-controls=\"collapse291335\" href=\"#\" aria-expanded=\"false\" tabindex=\"0\"><i aria-hidden=\"true\" role=\"presentation\" class=\"ea-expand-icon eap-icon-ea-expand-plus\"><\/i> Update\u00a0vom Montag - 17.08.2020<\/a><\/h3><div class=\"sp-collapse spcollapse \" id=\"collapse291335\" role=\"region\" aria-labelledby=\"ea-header-291335\"> <div class=\"ea-body\"><p>Liebe Eltern,<br \/>liebe Besucher!<\/p><p>bereits am 03.08.2020 haben wir unsere Eltern via Kita-Info-App dar\u00fcber informiert, dass wir zum 17.08.2020 den Regelbetrieb, entsprechend der vertraglich vereinbarten Betreuungszeit, wieder aufnehmen. In einem ausf\u00fchrlichen Elternbrief der via Kita-Info-App am 15.08.2020 versendet wurde, haben wir alle Ver\u00e4nderungen f\u00fcr Sie zusammengefasst.<\/p><div class=\"page\" title=\"Page 2\"><div class=\"layoutArea\"><div class=\"column\"><p>Wir freuen uns und sind motiviert, diesen Schritt gemeinsam mit Ihnen zu gehen, denn es ist an der Zeit, sich schrittweise der Normalit\u00e4t zu n\u00e4hern und den Regelbetrieb wieder aufzunehmen.<\/p><\/div><\/div><\/div><\/div><\/div><\/div><div class=\"ea-card sp-ea-single\"><h3 class=\"ea-header\"><a class=\"collapsed\" id=\"ea-header-291336\" role=\"button\" data-sptoggle=\"spcollapse\" data-sptarget=\"#collapse291336\" aria-controls=\"collapse291336\" href=\"#\" aria-expanded=\"false\" tabindex=\"0\"><i aria-hidden=\"true\" role=\"presentation\" class=\"ea-expand-icon eap-icon-ea-expand-plus\"><\/i> Update\u00a0vom Montag - 03.08.2020<\/a><\/h3><div class=\"sp-collapse spcollapse \" id=\"collapse291336\" role=\"region\" aria-labelledby=\"ea-header-291336\"> <div class=\"ea-body\"><p>Liebe Eltern,<br \/>liebe Besucher!<\/p><p>gerne informieren wir Sie \u00fcber den geplanten <strong>\"Regelbetrieb der Kindertagesbetreuung in der Pandemie\"<\/strong>, den wir vom Ministerium f\u00fcr Kinder, Familie, Fl\u00fcchtlinge und Integration des Landes Nordrhein-Westfalen (MKFFI) erhalten haben.<\/p><p>Hier finden Sie das \"Ministerschreiben Besch\u00e4ftigte\/Eltern\" sowie das Schreiben \"Offizielle Information Land NRW Krankheitssymptome\" vom 28.07.2020<\/p><ul><li><a href=\"https:\/\/burscheid-sonnenblume.de\/wp-content\/uploads\/2020\/08\/20200728-Ministerschreiben-Besch\u00e4ftigte_Eltern.pdf\">Ministerschreiben Besch\u00e4ftigte\/Eltern<\/a><\/li><li><a href=\"https:\/\/burscheid-sonnenblume.de\/wp-content\/uploads\/2020\/08\/20200728-Offizielle-Information-Land-NRW_Krankheitssymptome.pdf\">Offizielle Information Land NRW Krankheitssymptome<\/a><\/li><\/ul><\/div><\/div><\/div><div class=\"ea-card sp-ea-single\"><h3 class=\"ea-header\"><a class=\"collapsed\" id=\"ea-header-291337\" role=\"button\" data-sptoggle=\"spcollapse\" data-sptarget=\"#collapse291337\" aria-controls=\"collapse291337\" href=\"#\" aria-expanded=\"false\" tabindex=\"0\"><i aria-hidden=\"true\" role=\"presentation\" class=\"ea-expand-icon eap-icon-ea-expand-plus\"><\/i> Update vom Montag - 29.06.2020<\/a><\/h3><div class=\"sp-collapse spcollapse \" id=\"collapse291337\" role=\"region\" aria-labelledby=\"ea-header-291337\"> <div class=\"ea-body\"><p>Liebe Eltern,<br \/>liebe Besucher!<\/p><p>gerne informieren wir Sie \u00fcber die Neuregelung zur Wiederaufnahme von Kindern nach einer Erkrankung mit Krankheitssymptomen von COVID-19 die wir vom Ministerium f\u00fcr Kinder, Familie, Fl\u00fcchtlinge und Integration des Landes Nordrhein-Westfalen (MKFFI) erhalten haben.<\/p><p>Hier finden Sie den Elternbrief vom 26.06.2020 sowie die Mustererkl\u00e4rung.<\/p><ul><li><a href=\"https:\/\/burscheid-sonnenblume.de\/wp-content\/uploads\/2020\/06\/20200626_Offizielle-Information-Land-NRW_Neuregelung-Wiederaufnahme-nach-Krankheit.pdf\">Offizielle Information Land NRW - Neuregelung Wiederaufnahme nach Krankheit<\/a><\/li><li><a href=\"https:\/\/burscheid-sonnenblume.de\/wp-content\/uploads\/2020\/06\/Muster-Erkl\u00e4rung-Symptomfreiheit.pdf\">Muster Erkl\u00e4rung Symptomfreiheit<\/a><\/li><\/ul><\/div><\/div><\/div><div class=\"ea-card sp-ea-single\"><h3 class=\"ea-header\"><a class=\"collapsed\" id=\"ea-header-291338\" role=\"button\" data-sptoggle=\"spcollapse\" data-sptarget=\"#collapse291338\" aria-controls=\"collapse291338\" href=\"#\" aria-expanded=\"false\" tabindex=\"0\"><i aria-hidden=\"true\" role=\"presentation\" class=\"ea-expand-icon eap-icon-ea-expand-plus\"><\/i> Update vom Freitag - 05.06.2020<\/a><\/h3><div class=\"sp-collapse spcollapse \" id=\"collapse291338\" role=\"region\" aria-labelledby=\"ea-header-291338\"> <div class=\"ea-body\"><p>Liebe Eltern,<br \/>liebe Besucher!<\/p><p>Nach vielen Updates, mit denen wir Sie in den letzten Wochen immer zeitnah \u00fcber gesetzliche Anpassungen, Neuigkeiten und Ver\u00e4nderungen informierten, laufen nunmehr die Vorbereitungen, f\u00fcr den eingeschr\u00e4nkten Regelbetrieb auf Hochtouren!<\/p><p>Ab Montag, dem 08.06.2020 wird das Betreuungsverbot f\u00fcr die Kinderbetreuungsangebote in Nordrhein-Westfalen aufgehoben und ein eingeschr\u00e4nkter Regelbetrieb nach Ma\u00dfgaben des Infektionsschutzes aufgenommen.<\/p><p>Fast t\u00e4glich erreichen uns immer noch neue gesetzliche Regelungen und Fachempfehlungen, die es hei\u00dft, in der Vorbereitung der Umsetzung des eingeschr\u00e4nkten Regelbetriebs, zu ber\u00fccksichtigen.<\/p><p>Damit wir uns auf die R\u00fcckkehr der Kinder vorbereiten k\u00f6nnen, haben wir einen<br \/>\u201cR\u00fcckkehrbogen in Zeiten von Corona\u201c entwickelt.<\/p><p>Dieser hilft uns, die Kinder \u00a0aber auch die Eltern \u00a0mit Ihren Erwartungen, Hoffnungen ihrer Freude, aber auch m\u00f6glichen Sorgen und Bedenken dort abzuholen, wo sie sind; sicherlich aus einer anderen, ver\u00e4nderten Lebenswirklichkeit.<\/p><p>Wir sind gespannt und freuen uns drauf!<\/p><p>F\u00fcr das ganze Team der Caritas Kita \u201eSonnenblume\u201c<\/p><p>Brigitte Sartingen-Kranz<\/p><\/div><\/div><\/div><div class=\"ea-card sp-ea-single\"><h3 class=\"ea-header\"><a class=\"collapsed\" id=\"ea-header-291339\" role=\"button\" data-sptoggle=\"spcollapse\" data-sptarget=\"#collapse291339\" aria-controls=\"collapse291339\" href=\"#\" aria-expanded=\"false\" tabindex=\"0\"><i aria-hidden=\"true\" role=\"presentation\" class=\"ea-expand-icon eap-icon-ea-expand-plus\"><\/i> Update vom Mittwoch - 28.05.2020<\/a><\/h3><div class=\"sp-collapse spcollapse \" id=\"collapse291339\" role=\"region\" aria-labelledby=\"ea-header-291339\"> <div class=\"ea-body\"><p>Liebe Eltern,<br \/>die Info, die wir Ihnen bereits gestern zur Verf\u00fcgung gestellt haben, wird durch die beigef\u00fcgte Mail, die wir vom Rheinisch-Bergischen Kreis erhalten haben, best\u00e4tigt.<br \/>Mit der Bitte, diese Mail an Sie weiterzuleiten, erhalten Sie diese Nachricht.<\/p><p>\"Sehr geehrte Damen und Herren,<br \/>ab dem 8. Juni startet in den Kindertageseinrichtungen und in der Kindertagespflege der eingeschr\u00e4nkte Regelbetrieb f\u00fcr alle Kinder.<br \/>Um Eltern in der Corona-Krise weiter zu entlasten, hat sich die Landesregierung mit den Kommunen darauf verst\u00e4ndigt, in den Monaten Juni und Juli die H\u00e4lfte der Elternbeitr\u00e4ge zu erlassen. Die Kosten tragen wie bereits im April und Mai die Kommunen und das Land Nordrhein-Westfalen jeweils zur H\u00e4lfte. Die konkrete Abwicklung obliegt den Kommunen.<br \/>Das Jugendamt des Rheinisch-Bergischen Kreises \u2013 zust\u00e4ndig f\u00fcr die Kommunen Burscheid, K\u00fcrten und Odenthal \u2013 wird daher f\u00fcr Juni und Juli nur den h\u00e4lftigen Beitrag erheben.<br \/>Da die Umsetzung dieser kurzfristigen Entscheidung etwas Vorlauf ben\u00f6tigt, werden die Eltern gebeten zum 01.06. zun\u00e4chst keine Zahlung zu leisten. Der Kreis wird die Beitr\u00e4ge bei Eltern, die ein Einzugsmandant erteilt haben, zun\u00e4chst auch nicht einziehen.<br \/>Das Jugendamt wird die Eltern \u00fcber die konkrete Abwicklung und die Beitragsh\u00f6he f\u00fcr die beiden Monate in K\u00fcrze individuell benachrichtigen\".<\/p><\/div><\/div><\/div><div class=\"ea-card sp-ea-single\"><h3 class=\"ea-header\"><a class=\"collapsed\" id=\"ea-header-291340\" role=\"button\" data-sptoggle=\"spcollapse\" data-sptarget=\"#collapse291340\" aria-controls=\"collapse291340\" href=\"#\" aria-expanded=\"false\" tabindex=\"0\"><i aria-hidden=\"true\" role=\"presentation\" class=\"ea-expand-icon eap-icon-ea-expand-plus\"><\/i> Update vom Dienstag - 26.05.2020<\/a><\/h3><div class=\"sp-collapse spcollapse \" id=\"collapse291340\" role=\"region\" aria-labelledby=\"ea-header-291340\"> <div class=\"ea-body\"><p>Liebe Besucher,<\/p><p>gerade erhielten wir von der Landesregierung NRW eine Mitteilung, die wir gerne an Sie weiterleiten.<\/p><div id=\"page-wrapper\"><div id=\"page\"><div id=\"main-wrapper\"><div id=\"main\" role=\"main\"><div id=\"content\"><div><div><div id=\"block-system-main\"><div><div><div><div><div><div><div><article id=\"node-23711\" role=\"article\"><div><div id=\"node_press_release_full_group_intro\"><p>Kindertagesbetreuung: Land und Kommunen erlassen H\u00e4lfte der Elternbeitr\u00e4ge f\u00fcr Juni und Juli<\/p><div><div><p>Landesregierung und Kommunen entlasten Eltern in der Corona-Krise<br \/>Ab dem 8. Juni startet in den Kindertageseinrichtungen und der Kindertagespflege wieder ein eingeschr\u00e4nkter Regelbetrieb. Um Eltern in der Corona-Krise weiter zu entlasten, hat sich die Landesregierung mit den Kommunen darauf verst\u00e4ndigt, in den Monaten Juni und Juli den Eltern die H\u00e4lfte der Elternbeitr\u00e4ge zu erlassen.<\/p><p>Weitere Informationen f\u00fcr Sie als Eltern erhalten sie HIER auf der Homepage:<br \/><a href=\"https:\/\/www.land.nrw\/de\/pressemitteilung\/kindertagesbetreuung-land-und-kommunen-erlassen-haelfte-der-elternbeitraege-fuer\">https:\/\/www.land.nrw\/de\/pressemitteilung\/kindertagesbetreuung-land-und-kommunen-erlassen-haelfte-der-elternbeitraege-fuer<\/a><\/p><\/div><\/div><\/div><\/div><\/article><\/div><\/div><\/div><\/div><\/div><\/div><\/div><\/div><\/div><\/div><\/div><\/div><\/div><\/div><\/div><\/div><\/div><\/div><div class=\"ea-card sp-ea-single\"><h3 class=\"ea-header\"><a class=\"collapsed\" id=\"ea-header-291341\" role=\"button\" data-sptoggle=\"spcollapse\" data-sptarget=\"#collapse291341\" aria-controls=\"collapse291341\" href=\"#\" aria-expanded=\"false\" tabindex=\"0\"><i aria-hidden=\"true\" role=\"presentation\" class=\"ea-expand-icon eap-icon-ea-expand-plus\"><\/i> Update\u00a0vom Sonntag - 08.11.2020<\/a><\/h3><div class=\"sp-collapse spcollapse \" id=\"collapse291341\" role=\"region\" aria-labelledby=\"ea-header-291341\"> <div class=\"ea-body\"><p>Liebe Eltern,<br \/>zum Wochenende erhielten wir vom Rheinisch-Bergischen Kreis eine Nachricht, mit der Bitte diese an Sie weiterzuleiten.<\/p><p><em>\"...im Anhang \u00fcbersende ich Ihnen ein aktuelles Ministerschreiben bez\u00fcglich der aktuellen Entwicklungen sowie die offiziellen Informationen des Landes NRW. Zudem weise ich auf die beiden Anlagen zum Umgang mit Krankheitssymptomen sowie zum L\u00fcften hin, welche eine visuelle Darstellung der bestehenden Regelungen bieten.\"<\/em><\/p><p>Zum Download<\/p><ul><li><a href=\"https:\/\/burscheid-sonnenblume.de\/wp-content\/uploads\/2020\/11\/20201106-Ministerschreiben-Aktuelle-Entwicklungen.pdf\">Ministerschreiben Aktuelle Entwicklungen (06.11.2020)<\/a><\/li><li><a href=\"https:\/\/burscheid-sonnenblume.de\/wp-content\/uploads\/2020\/11\/20201106-Offizielle-Information-Land-NRW-Aktuelle-Entwicklungen.pdf\">Offizielle Information Land NRW Aktuelle Entwicklungen (06.11.2020)<\/a><\/li><li><a href=\"https:\/\/burscheid-sonnenblume.de\/wp-content\/uploads\/2020\/11\/Anlage-1_Umgang-Krankheitssymptome.pdf\">Umgang bei Krankheitssymptomen<\/a><\/li><li><a href=\"https:\/\/burscheid-sonnenblume.de\/wp-content\/uploads\/2020\/11\/Anlage-2_Lueften.pdf\">Richtig L\u00fcften. So geht es schnell und effizient<\/a><\/li><\/ul><p>Sollten Sie noch Fragen haben, finden Sie <a href=\"https:\/\/www.rbk-direkt.de\/uebersicht-corona-virus.aspx\">HIER auf der Homepage des RBK's<\/a> weitere Informationen<\/p><p>F\u00fcr das ganze Team der Caritas Kita \u201eSonnenblume\u201c<\/p><p>Brigitte Sartingen-Kranz<\/p><\/div><\/div><\/div><div class=\"ea-card sp-ea-single\"><h3 class=\"ea-header\"><a class=\"collapsed\" id=\"ea-header-291342\" role=\"button\" data-sptoggle=\"spcollapse\" data-sptarget=\"#collapse291342\" aria-controls=\"collapse291342\" href=\"#\" aria-expanded=\"false\" tabindex=\"0\"><i aria-hidden=\"true\" role=\"presentation\" class=\"ea-expand-icon eap-icon-ea-expand-plus\"><\/i> Update vom Donnerstag - 14.05.2020<\/a><\/h3><div class=\"sp-collapse spcollapse \" id=\"collapse291342\" role=\"region\" aria-labelledby=\"ea-header-291342\"> <div class=\"ea-body\"><p>Liebe Besucher,<\/p><p>das Jugendamt hat uns<\/p><ul><li><a href=\"https:\/\/burscheid-sonnenblume.de\/wp-content\/uploads\/2020\/05\/2020-05-12-Antrag-auf-Ausnahme-vom-Betreuungsverbot.pdf\">Antragvordruck \"Antrag auf Ausnahme vom Zutrittsverbot des Betriebsangebotes\"<\/a><\/li><\/ul><p>Grunds\u00e4tzlich gilt, dass Kinder von Schl\u00fcsselpersonen und von erwerbst\u00e4tigen Alleinerziehenden nur in dem Umfang betreut werden sollen, wie es zur Aus\u00fcbung der Erwerbst\u00e4tigkeit erforderlich ist. Das hei\u00dft, dass sich der Betreuungsumfang an den Arbeitszeiten der Eltern orientieren soll.<\/p><p>Weitere Informationen f\u00fcr Sie als Eltern erhalten sie HIER auf der Homepage:<br \/><a href=\"https:\/\/www.kita.nrw.de\/eltern\/corona-infos-fuer-eltern#Bescheinigung-des-Arbeitgebers-zum-Download\">https:\/\/www.kita.nrw.de\/eltern\/corona-infos-fuer-eltern#Bescheinigung-des-Arbeitgebers-zum-Download<\/a><\/p><\/div><\/div><\/div><div class=\"ea-card sp-ea-single\"><h3 class=\"ea-header\"><a class=\"collapsed\" id=\"ea-header-291343\" role=\"button\" data-sptoggle=\"spcollapse\" data-sptarget=\"#collapse291343\" aria-controls=\"collapse291343\" href=\"#\" aria-expanded=\"false\" tabindex=\"0\"><i aria-hidden=\"true\" role=\"presentation\" class=\"ea-expand-icon eap-icon-ea-expand-plus\"><\/i> Update vom Montag - 11.05.2020<\/a><\/h3><div class=\"sp-collapse spcollapse \" id=\"collapse291343\" role=\"region\" aria-labelledby=\"ea-header-291343\"> <div class=\"ea-body\"><p>Liebe Besucher,<\/p><p>am Freitag wurde durch das MKFFI bereits bekannt gegeben, dass die Kindertagesbetreuung schrittweise ge\u00f6ffnet werden soll. Hierzu wurde am Wochenende die Coronabetreuungsverordnung angepasst. Die ab dem 14. Mai 2020 g\u00fcltige Fassung dieser Verordnung \u00fcbersende ich Ihnen in der Anlage.Aus dieser Verordnung geht hervor, dass weitere Personen Anspruch auf Betreuung ihrer Kinder haben<strong>. F\u00fcr die Betreuung in den Kitas gilt, dass ab dem 14.05.2020 folgende Kinder betreut werden d\u00fcrfen:<\/strong><\/p><ul><li>Kinder, die bisher bereits einen Anspruch auf Notbetreuung hatten (vgl. \u00a7 2 Abs. 2 und 3 sowie \u00a7 3). Dies sind:<ul><li>Kinder von denen mindestens ein Elternteil eine sog. Schl\u00fcsselperson ist,<\/li><li>Kinder von alleinerziehenden Personen, die einer Erwerbst\u00e4tigkeit nachgehen oder sich im Rahmen einer Schulausbildung oder Hochschulausbildung in einer Abschlusspr\u00fcfung befinden,<\/li><li>Kinder, bei denen wegen einer Kindeswohlgef\u00e4hrdung der Besuch der Betreuungsangebote \u00a0durch den Allgemeinen Sozialen Dienst des Jugendamtes als notwendig erachtet wird und<\/li><li>Kinder, die aufgrund der sog. \u201eH\u00e4rtefallregelung\u201c betreut werden sollen.<\/li><\/ul><\/li><li>Kinder, die am 01.08.2020 schulpflichtig werden oder im Schuljahr 2020\/2021 vorzeitig in die Schule aufgenommen werden (Vorschulkinder) <strong>und<\/strong> anspruchsberechtigt f\u00fcr Leistungen f\u00fcr Bildung und Teilhabe (BUT) sind (\u00a7 2 Abs. 5).<\/li><li>Kinder mit Behinderung und Kinder, die von einer wesentlichen Behinderung bedroht sind, wenn dies von einem Tr\u00e4ger der Eingliederungshilfe festgestellt wurde (\u00a7 2 Abs. 6).<\/li><\/ul><p>Zudem wurde seitens des MKFFI bekannt gegeben, dass <strong>ab dem 28. Mai<\/strong> folgende Kinder in den Kitas betreut werden d\u00fcrfen:<\/p><ul><li>Alle Kinder, die am 01.08.2020 schulpflichtig oder im Schuljahr 2020\/2021 vorzeitig in die Schule aufgenommen werden (Vorschulkinder). Eine entsprechende Verordnung wird seitens des MKFFI erstellt und Ihnen zu gegebenen Zeitpunkt \u00fcbersandt werden.<\/li><\/ul><p>Die schrittweise \u00d6ffnung sieht in einem weiteren Schritt vor, dass <strong>im Laufe des Monats Juni<\/strong> allen Kindern der Besuch ihres Betreuungsangebotes wieder erm\u00f6glicht werden soll. In welchem Umfang dies m\u00f6glich sein wird, kann zum jetzigen Zeitpunkt nicht seri\u00f6s prognostiziert werden.<\/p><p>Eine zusammenfassende Darstellung der verschiedenen \u00d6ffnungsschritte k\u00f6nnen Sie der beigef\u00fcgten Information f\u00fcr Eltern, Tr\u00e4ger, Leitungen und Personal des MKFFI entnehmen.<\/p><p>Zum Download<\/p><ul><li><a href=\"https:\/\/burscheid-sonnenblume.de\/wp-content\/uploads\/2020\/05\/2020-05-11-Antrag-auf-Ausnahme-vom-Betreuungsverbot.pdf\">11.05.2020 - Antrag auf Ausnahme vom Betreuungsverbot f\u00fcr den 28.05.2020 als PDF<\/a><\/li><li><a href=\"https:\/\/burscheid-sonnenblume.de\/wp-content\/uploads\/2020\/05\/20200511-Offizielle-Information-Land-NRW-schrittweise-\u00d6ffnung.pdf\">11.05.2020 - Offizielle Information Land NRW schrittweise \u00d6ffnung als PDF<\/a><\/li><li><a href=\"https:\/\/burscheid-sonnenblume.de\/wp-content\/uploads\/2020\/05\/20200511-Ministerschreiben-Eltern-stufenweise-\u00d6ffnung_final.pdf\">11.05.2020 - Ministerschreiben Eltern-Stufenweise als PDF<\/a><\/li><li><a href=\"https:\/\/burscheid-sonnenblume.de\/wp-content\/uploads\/2020\/05\/2020-05-08_Fassung-CoronaBetrVO-ab-14.05.2020_Lesefassung_final-1.pdf\">08.05.2020 - Fassung Corona BetrVO ab 14.05.2020 Lesefassung als PDF<\/a><\/li><\/ul><\/div><\/div><\/div><div class=\"ea-card sp-ea-single\"><h3 class=\"ea-header\"><a class=\"collapsed\" id=\"ea-header-291344\" role=\"button\" data-sptoggle=\"spcollapse\" data-sptarget=\"#collapse291344\" aria-controls=\"collapse291344\" href=\"#\" aria-expanded=\"false\" tabindex=\"0\"><i aria-hidden=\"true\" role=\"presentation\" class=\"ea-expand-icon eap-icon-ea-expand-plus\"><\/i> Update vom Freitag - 08.05.2020<\/a><\/h3><div class=\"sp-collapse spcollapse \" id=\"collapse291344\" role=\"region\" aria-labelledby=\"ea-header-291344\"> <div class=\"ea-body\"><p class=\"title\"><strong>Minister Stamp zum schrittweisen Wiedereinstieg in die Kindertagesbetreuung<\/strong><\/p><p class=\"title\">Liebe Besucher,<br \/>Familienminister Joachim Stamp hat die Pl\u00e4ne zu einem schrittweisen Wiedereinstieg in die Kindertagesbetreuung in Nordrhein-Westfalen vorgestellt.<\/p><ol><li><strong> Stufe: Ab 14. Mai 2020<\/strong> haben Anspruch auf Notbetreuung in den Kitas<\/li><\/ol><ul><li><strong>diejenigen Vorschulkinder, die einen Anspruch auf Leistung aus dem Bildungs- und Teilhabepaket (BuT) haben <\/strong>sowie<\/li><li><strong>alle Kinder mit (drohender) Behinderungen.<\/strong><\/li><\/ul><ol start=\"2\"><li><strong> Stufe: Ab 28. Mai 2020<\/strong> haben sodann Anspruch auf Notbetreuung in den Kitas<\/li><\/ol><ul><li><strong>alle Vorschulkinder. <\/strong>Diesen soll ein geordneter Abschluss des Lebensabschnitts \"Kita\" und ein guter \u00dcbergang in die Grundschule erm\u00f6glicht werden.<\/li><\/ul><ol start=\"3\"><li><strong> Stufe: Im Juni 2020 <\/strong>m\u00f6chte das Ministerium<\/li><\/ol><ul><li><strong>allen \u00fcbrigen Kita-Kindern erm\u00f6glichen, vor der Sommerpause mindestens f\u00fcr 2 Tage <\/strong>[vermutlich pro Woche] <strong>in ihre Kita gehen und das Kita-Jahr abschlie\u00dfen zu k\u00f6nnen<\/strong>.<\/li><li>Diese 3. Stufe wird in den kommenden Wochen erst geplant und\u00a0 ist abh\u00e4ngig von der weiteren, derzeit noch nicht vorhersehbaren Entwicklung der Pandemielage.<\/li><\/ul><p>F\u00fcr den Zeitraum nach den Sommerferien k\u00fcndigte Minister Dr. Stamp eine weitere 4. Stufe an, die m\u00f6glichst ab September 2020 einen (eingeschr\u00e4nkten) Kita-Regelbetrieb erm\u00f6glichen soll.<\/p><p>Weitere Informationen erhalten Sie <a href=\"https:\/\/www.mkffi.nrw\/minister-stamp-zum-schrittweisen-wiedereinstieg-die-kindertagesbetreuung\">HIER - auf der Homepage des Ministeriums f\u00fcr Kinder, Familien, Fl\u00fcchtlinge und Integration.<\/a><\/p><\/div><\/div><\/div><div class=\"ea-card sp-ea-single\"><h3 class=\"ea-header\"><a class=\"collapsed\" id=\"ea-header-291345\" role=\"button\" data-sptoggle=\"spcollapse\" data-sptarget=\"#collapse291345\" aria-controls=\"collapse291345\" href=\"#\" aria-expanded=\"false\" tabindex=\"0\"><i aria-hidden=\"true\" role=\"presentation\" class=\"ea-expand-icon eap-icon-ea-expand-plus\"><\/i> Update vom Donnerstag - 07.05.2020<\/a><\/h3><div class=\"sp-collapse spcollapse \" id=\"collapse291345\" role=\"region\" aria-labelledby=\"ea-header-291345\"> <div class=\"ea-body\"><p>Liebe Besucher,<br \/>seit dem 07.05.2020 gilt die <a href=\"https:\/\/www.mkffi.nrw\/sites\/default\/files\/asset\/document\/200506_coronabetrvo_ab_07.05.2020_neu.pdf\" target=\"_blank\" rel=\"noopener\">Verordnung zum Schutz vor Neuinfizierungen mit dem Coronavirus SARS-CoV-2 im Bereich der Betreuungsinfrastruktur (Coronabetreuungsverordnung \u2013 CoronaBetrVO)<\/a>. Die Anlage 2 finden Sie <a href=\"https:\/\/www.mkffi.nrw\/sites\/default\/files\/asset\/document\/2020-04-17_anlage_2_zur_coronabetrvo_ab_23.04.2020.pdf\" target=\"_blank\" rel=\"noopener\">hier<\/a>.<\/p><\/div><\/div><\/div><div class=\"ea-card sp-ea-single\"><h3 class=\"ea-header\"><a class=\"collapsed\" id=\"ea-header-291346\" role=\"button\" data-sptoggle=\"spcollapse\" data-sptarget=\"#collapse291346\" aria-controls=\"collapse291346\" href=\"#\" aria-expanded=\"false\" tabindex=\"0\"><i aria-hidden=\"true\" role=\"presentation\" class=\"ea-expand-icon eap-icon-ea-expand-plus\"><\/i> Update vom\u00a0Montag\u00a0\u2013 27.04.2020<\/a><\/h3><div class=\"sp-collapse spcollapse \" id=\"collapse291346\" role=\"region\" aria-labelledby=\"ea-header-291346\"> <div class=\"ea-body\"><p class=\"title\">Land und Kommunen entlasten Eltern - Beitr\u00e4ge f\u00fcr Kindertagesbetreuung und Offene Ganztagsschule f\u00fcr Mai werden ausgesetzt<\/p><div class=\"field field-name-field-base-teaser field-type-text-long field-label-hidden\"><div class=\"field-items\"><div class=\"field-item even\"><p>Die Corona-Pandemie ist f\u00fcr viele Familien eine gro\u00dfe Herausforderung und stellt insbesondere f\u00fcr Eltern von Klein- und Grundschulkindern besondere Belastungen dar. Um diese Eltern in der aktuellen Situation zu unterst\u00fctzen, verzichten das Land und die Kommunen wie bereits im April auch im Monat Mai erneut landesweit auf die Erhebung der Elternbeitr\u00e4ge f\u00fcr Kindertagesbetreuung und Ganztags- und Betreuungsangebote in Schulen.<\/p><\/div><\/div><\/div><p><a href=\"https:\/\/www.mkffi.nrw\/pressemitteilung\/land-und-kommunen-entlasten-eltern-beitraege-fuer-kindertagesbetreuung-und-offene\">Weitere Informationen finden Sie HIER auf der Homepage des Ministerium f\u00fcr Kinder, Familie, Fl\u00fcchtlinge und Integration.\u00a0<\/a><\/p><p>Erg\u00e4nzend zum Update vom 17.04.2020 ver\u00f6ffentlichen wir vom Jugendamt Rheinberg drei PDF Dokumente f\u00fcr Alleinerziehende.<br \/>\u2013 <a href=\"https:\/\/burscheid-sonnenblume.de\/wp-content\/uploads\/2020\/03\/20200424-Offizielle-Information-Land-NRW-\u00d6ffnung-Alleinerziehende.pdf\">Offizielle Information Land NRW \u00d6ffnung Alleinerziehende<\/a><br \/>\u2013 <a href=\"https:\/\/burscheid-sonnenblume.de\/wp-content\/uploads\/2020\/03\/200424-Bescheinigung-erwerbst\u00e4tige-Alleinerziehende.pdf\">Bescheinigung erwerbst\u00e4tige Alleinerziehende<\/a><br \/>\u2013 <a href=\"https:\/\/burscheid-sonnenblume.de\/wp-content\/uploads\/2020\/03\/200424-Bescheinigung-Alleinerziehende-Schule-Hochschule.pdf\">Bescheinigung Alleinerziehende Schule-Hochschule<\/a><\/p><\/div><\/div><\/div><div class=\"ea-card sp-ea-single\"><h3 class=\"ea-header\"><a class=\"collapsed\" id=\"ea-header-291347\" role=\"button\" data-sptoggle=\"spcollapse\" data-sptarget=\"#collapse291347\" aria-controls=\"collapse291347\" href=\"#\" aria-expanded=\"false\" tabindex=\"0\"><i aria-hidden=\"true\" role=\"presentation\" class=\"ea-expand-icon eap-icon-ea-expand-plus\"><\/i> Update vom Freitag \u2013 03.04.2020<\/a><\/h3><div class=\"sp-collapse spcollapse \" id=\"collapse291347\" role=\"region\" aria-labelledby=\"ea-header-291347\"> <div class=\"ea-body\"><p><strong><br \/><\/strong>Liebe Besucher,<br \/>besonders Familien stehen vor gro\u00dfen Herausforderungen und m\u00fcssen ihren Alltag unter ganz neuen Voraussetzungen bew\u00e4ltigen. Isolation, Druck und Existenz\u00e4ngste in den Familien k\u00f6nnen in vermehrten Konflikten, F\u00e4llen von h\u00e4uslicher Gewalt und Kindeswohlgef\u00e4hrdungen enden. Aus diesem Grund haben wir auf unserer Homepage einen HELP\/ Hilfe Button eingerichtet. Hier finden Sie eine Zusammenfassung von wichtigen Diensten und Institutionen.<br \/><a href=\"https:\/\/burscheid-sonnenblume.de\/?page_id=2251\">Den direkt Link finden Sie HIER auf unserer Homepage.<\/a><\/p><\/div><\/div><\/div><div class=\"ea-card sp-ea-single\"><h3 class=\"ea-header\"><a class=\"collapsed\" id=\"ea-header-291348\" role=\"button\" data-sptoggle=\"spcollapse\" data-sptarget=\"#collapse291348\" aria-controls=\"collapse291348\" href=\"#\" aria-expanded=\"false\" tabindex=\"0\"><i aria-hidden=\"true\" role=\"presentation\" class=\"ea-expand-icon eap-icon-ea-expand-plus\"><\/i> Update\u00a0vom Mittwoch - 20.05.2020<\/a><\/h3><div class=\"sp-collapse spcollapse \" id=\"collapse291348\" role=\"region\" aria-labelledby=\"ea-header-291348\"> <div class=\"ea-body\"><p>Liebe Besucher,<\/p><p>gerade erhielten wir vom MKFFI eine neue Information die wir gerne an Sie weitergeben.<\/p><p>\u00d6ffnung der Kindertagesbetreuung im eingeschr\u00e4nkten Regelbetrieb.<br \/>Minister Stamp: Ab 8. Juni k\u00f6nnen alle Kinder in reduziertem Umfang zur Kindertagesbetreuung gehen. Nordrhein-Westfalen setzt sein klares Konzept der schrittweisen \u00d6ffnung der Kindertagesbetreuung unter Ber\u00fccksichtigung des Infektionsgeschehens konsequent fort.<\/p><ul><li><strong>Ab<\/strong> dem <strong>28. Mai 2020<\/strong> erfolgt wie geplant die \u00d6ffnung der Kindertageseinrichtungen f\u00fcr alle Vorschulkinder.<\/li><li><strong>Am<\/strong> <strong>8. Juni<\/strong> geht Nordrhein-Westfalen den n\u00e4chsten Schritt seines \u00d6ffnungsplans und wechselt von der erweiterten Notbetreuung in den eingeschr\u00e4nkten Regelbetrieb. Alle Kinder k\u00f6nnen dann in reduziertem Umfang wieder ihre Kindertageseinrichtung oder Kindertagespflege besuchen.<\/li><\/ul><p>Pressedokumente:<\/p><ul><li><a href=\"https:\/\/burscheid-sonnenblume.de\/wp-content\/uploads\/2020\/05\/mkffi-20.05.2020.pdf\">Presseinformation - 339\/05\/2020<\/a><\/li><li><a href=\"https:\/\/burscheid-sonnenblume.de\/wp-content\/uploads\/2020\/05\/20200520-Offizielle-Information-Land-NRW_\u00d6ffnung-08.06_-002.pdf\">Offizielle Information Land NRW \u00d6ffnung - 08.06.2020<\/a><\/li><\/ul><p>Die komplette Pressemitteilung finden Sie <a href=\"https:\/\/www.mkffi.nrw\/pressemitteilung\/oeffnung-der-kindertagesbetreuung-im-eingeschraenkten-regelbetrieb\">- HIER auf der Homepage des Ministeriums f\u00fcr Kinder, Familien, Fl\u00fcchtlingen und Integration des Landes Nordrhein-Westfalen.<\/a><\/p><p>Die Pressekonferenz als Video von Minister Stamp finden Sie <a href=\"https:\/\/www.tagesschau.de\/regional\/nordrheinwestfalen\/kita-oeffnung-nrw-101.html\">- HIER auf der Homepage der Tagesschau. (Quelle: WDR.de)<\/a><\/p><\/div><\/div><\/div><div class=\"ea-card sp-ea-single\"><h3 class=\"ea-header\"><a class=\"collapsed\" id=\"ea-header-291349\" role=\"button\" data-sptoggle=\"spcollapse\" data-sptarget=\"#collapse291349\" aria-controls=\"collapse291349\" href=\"#\" aria-expanded=\"false\" tabindex=\"0\"><i aria-hidden=\"true\" role=\"presentation\" class=\"ea-expand-icon eap-icon-ea-expand-plus\"><\/i> Update vom Freitag \u2013 27.03.2020<\/a><\/h3><div class=\"sp-collapse spcollapse \" id=\"collapse291349\" role=\"region\" aria-labelledby=\"ea-header-291349\"> <div class=\"ea-body\"><p class=\"title\">Das Jugendamt des Rheinisch-Bergischen Kreises setzt Elternbeitr\u00e4ge f\u00fcr Kitas und Kindertagespflege im April aus. Alle bestehenden Lastschriftmandate der Eltern werden f\u00fcr den Monat April 2020 \u00a0gestoppt.<br \/>Es wird gebeten, Ihre bestehenden Dauerauftr\u00e4ge zun\u00e4chst nur f\u00fcr den Monat April 2020 einzustellen.\u00a0Ebenso gilt dies f\u00fcr Einzel\u00fcberweisungen.<br \/>Die entsprechende\u00a0<a href=\"https:\/\/burscheid-sonnenblume.de\/wp-content\/uploads\/2020\/03\/Presseinformation-107.pdf\">Presseinformation 107 finden Sie HIER als PDF.<\/a><\/p><\/div><\/div><\/div><div class=\"ea-card sp-ea-single\"><h3 class=\"ea-header\"><a class=\"collapsed\" id=\"ea-header-291350\" role=\"button\" data-sptoggle=\"spcollapse\" data-sptarget=\"#collapse291350\" aria-controls=\"collapse291350\" href=\"#\" aria-expanded=\"false\" tabindex=\"0\"><i aria-hidden=\"true\" role=\"presentation\" class=\"ea-expand-icon eap-icon-ea-expand-plus\"><\/i> Update vom Mittwoch \u2013 25.03.2020<\/a><\/h3><div class=\"sp-collapse spcollapse \" id=\"collapse291350\" role=\"region\" aria-labelledby=\"ea-header-291350\"> <div class=\"ea-body\"><p class=\"title\">Hilfe f\u00fcr Eltern in der Corona-Zeit. Die Ausbreitung des Corona-Virus\u2018 stellt viele Familien vor gro\u00dfe organisatorische und finanzielle Probleme: Eltern m\u00fcssen wegen Kita- und Schulschlie\u00dfungen die Betreuung ihrer Kinder selbst organisieren, k\u00f6nnen ihrer Arbeit nicht in vollem Umfang nachgehen, sind in Kurzarbeit oder haben wegen ausbleibender Auftr\u00e4ge gravierende Einkommenseinbu\u00dfen.<br \/>Weitere Informationen zum geplanten Notfall-KiZ von Bundesfamilienministerin Dr. Franziska Giffey finden\u00a0Sie <a href=\"https:\/\/www.bmfsfj.de\/bmfsfj\/aktuelles\/presse\/pressemitteilungen\/hilfe-fuer-eltern-in-der-corona-zeit--ministerin-giffey-startet-notfall-kiz\/153964\">HIER, auf der Homepage des BMFSFJ.<\/a><\/p><\/div><\/div><\/div><div class=\"ea-card sp-ea-single\"><h3 class=\"ea-header\"><a class=\"collapsed\" id=\"ea-header-291351\" role=\"button\" data-sptoggle=\"spcollapse\" data-sptarget=\"#collapse291351\" aria-controls=\"collapse291351\" href=\"#\" aria-expanded=\"false\" tabindex=\"0\"><i aria-hidden=\"true\" role=\"presentation\" class=\"ea-expand-icon eap-icon-ea-expand-plus\"><\/i> Update vom Montag \u2013 23.03.2020<\/a><\/h3><div class=\"sp-collapse spcollapse \" id=\"collapse291351\" role=\"region\" aria-labelledby=\"ea-header-291351\"> <div class=\"ea-body\"><p>Liebe Besucher,<b><br \/><\/b>Das Ministerium f\u00fcr Kinder, Familie, Fl\u00fcchtlinge und Integration des Landes Nordrhein-Westfalen (MKFFI) hat einen neuen Elternbrief ver\u00f6ffentlicht. In diesem Schreiben wird an die Eltern appelliert, die Inanspruchnahmen der Betreuung in den Kitas und Tagespflegstellen auf das unbedingt erforderliche Ma\u00df zu beschr\u00e4nken.<br \/><a href=\"https:\/\/www.katholische-kindergaerten.de\/sites\/default\/files\/2020-03-22-elternbrief-Appell-neuregelung-schluesselpersonen.pdf\">Den Elternbrief Nr. 3 finden Sie HIER als PDF .<\/a><\/p><\/div><\/div><\/div><div class=\"ea-card sp-ea-single\"><h3 class=\"ea-header\"><a class=\"collapsed\" id=\"ea-header-291352\" role=\"button\" data-sptoggle=\"spcollapse\" data-sptarget=\"#collapse291352\" aria-controls=\"collapse291352\" href=\"#\" aria-expanded=\"false\" tabindex=\"0\"><i aria-hidden=\"true\" role=\"presentation\" class=\"ea-expand-icon eap-icon-ea-expand-plus\"><\/i> Update\u00a0vom Samstag \u2013 21.03.2020<\/a><\/h3><div class=\"sp-collapse spcollapse \" id=\"collapse291352\" role=\"region\" aria-labelledby=\"ea-header-291352\"> <div class=\"ea-body\"><p>Seit Montag, dem 23.03.2020, gilt eine Neuregelung, wer anspruchsberechtigt ist. Um den Betrieb der kritischen Infrastruktur sicherzustellen, hat die Landesregierung entschieden, dass jede Person, die in kritischer Infrastruktur t\u00e4tig ist, und eine Bescheinigung des Arbeitgebers zur Unabk\u00f6mmlichkeit vorlegen kann, unabh\u00e4ngig von der familiaeren Situation einen individuellen Anspruch auf eine Betreuung ihrer\u00a0Kinder in Kindertagesbetreuungsangeboten hat, wenn die Betreuung nicht ander- weitig verantwortungsvoll \u2013 entsprechend der Empfehlungen des RKI \u2013 organisiert werden kann. Es reicht damit, wenn von einem Elternteil eine entsprechende Bescheinigung vorlegt wird, es m\u00fcssen nicht l\u00e4nger von beiden Elternteilen Bescheinigungen vorgelegt werden. Alleinerziehende, die in kritischer Infrastruktur t\u00e4tig sind, brauchen neben der Arbeitgeberbescheinigung keine weiteren Nachweise zu erbringen.<\/p><\/div><\/div><\/div><div class=\"ea-card sp-ea-single\"><h3 class=\"ea-header\"><a class=\"collapsed\" id=\"ea-header-291353\" role=\"button\" data-sptoggle=\"spcollapse\" data-sptarget=\"#collapse291353\" aria-controls=\"collapse291353\" href=\"#\" aria-expanded=\"false\" tabindex=\"0\"><i aria-hidden=\"true\" role=\"presentation\" class=\"ea-expand-icon eap-icon-ea-expand-plus\"><\/i> Update\u00a0vom Sonntag \u2013 15.03.2020<\/a><\/h3><div class=\"sp-collapse spcollapse \" id=\"collapse291353\" role=\"region\" aria-labelledby=\"ea-header-291353\"> <div class=\"ea-body\"><p>Liebe Eltern,<br \/>Mittlerweile ver\u00f6ffentlichte der Rheinisch-Bergische Kreis ein Informationsschreiben f\u00fcr Eltern von Kindern in Kitas oder Tagespflegestellen in Burscheid, K\u00fcrten und Odenthal. Darin ist geregelt, dass s\u00e4mtliche Kindertageseinrichtungen und Kindertagespflegestellen den Kindern sowie deren Erziehungsberechtigten bzw. Betreuungspersonen ab<strong> Montag, 16. M\u00e4rz 2020 bis zum 19. April 2020<\/strong> den <strong>Zutritt zu Betreuungsangeboten zu untersagen<\/strong> haben.<\/p><p>Ausgenommen von diesem Zutrittsverbot sind Kinder, deren Erziehungsberechtigte bzw. Betreuungspersonen beide eine unentbehrliche Schl\u00fcsselperson sind.<\/p><p>Ist dies der Fall, m\u00fcssen Sie als Eltern,<\/p><ul><li>bei uns einen Antrag auf Ausnahme vom Zutrittsverbot des Betreuungsangebotes der Caritas Kindertagesst\u00e4tte \u201eSonnenblume\u201c stellen\u00a0und<\/li><li>ihren Arbeitgeber, um einen Nachweis der Unentbehrlichkeit\u00a0bitten.<\/li><\/ul><\/div><\/div><\/div><div class=\"ea-card sp-ea-single\"><h3 class=\"ea-header\"><a class=\"collapsed\" id=\"ea-header-291354\" role=\"button\" data-sptoggle=\"spcollapse\" data-sptarget=\"#collapse291354\" aria-controls=\"collapse291354\" href=\"#\" aria-expanded=\"false\" tabindex=\"0\"><i aria-hidden=\"true\" role=\"presentation\" class=\"ea-expand-icon eap-icon-ea-expand-plus\"><\/i> Update vom Freitag \u2013 17.04.2020<\/a><\/h3><div class=\"sp-collapse spcollapse \" id=\"collapse291354\" role=\"region\" aria-labelledby=\"ea-header-291354\"> <div class=\"ea-body\"><p><strong>Stufenweise \u00d6ffnung bei Kindertagesbetreuung wird auf erwerbst\u00e4tige Alleinerziehende ausgedehnt.<\/strong>\u00a0Die Jugend- und Familienministerkonferenz hat heute beschlossen, unter Leitung Nordrhein-Westfalens und Brandenburgs ein Konzept zu M\u00f6glichkeiten einer stufenweisen \u00d6ffnung bei der Kindertagesbetreuung vorzubereiten<\/p><div class=\"field field-name-field-base-teaser field-type-text-long field-label-hidden\"><div class=\"field-items\"><div class=\"field-item even\"><p>Auf Grundlage der neuen Corona-Betreuungsverordnung der Landesregierung werden ab dem 23. April 2020 die geplanten, schrittweisen Anpassungen bei der Kindertagesbetreuung in Nordrhein-Westfalen umgesetzt.<br \/><a href=\"https:\/\/www.mkffi.nrw\/pressemitteilung\/stamp-stufenweise-oeffnung-bei-kindertagesbetreuung-wird-auf-erwerbstaetige\">Den direkt Link mit weiteren Informationen finden Sie HIER auf der Homepage des BMFSFJ.<\/a><\/p><\/div><\/div><\/div><\/div><\/div><\/div><div class=\"ea-card sp-ea-single\"><h3 class=\"ea-header\"><a class=\"collapsed\" id=\"ea-header-291355\" role=\"button\" data-sptoggle=\"spcollapse\" data-sptarget=\"#collapse291355\" aria-controls=\"collapse291355\" href=\"#\" aria-expanded=\"false\" tabindex=\"0\"><i aria-hidden=\"true\" role=\"presentation\" class=\"ea-expand-icon eap-icon-ea-expand-plus\"><\/i> Update\u00a0vom Donnerstag \u2013 12.03.2020<\/a><\/h3><div class=\"sp-collapse spcollapse \" id=\"collapse291355\" role=\"region\" aria-labelledby=\"ea-header-291355\"> <div class=\"ea-body\"><p>Liebe Eltern,<br \/>\u00fcber die Kita-Info-App haben wir Sie \u00fcber weitere Informationen zum Umgang mit dem Coronavirus in den Kindertagesst\u00e4tten des Caritasverbandes f\u00fcr den Rheinisch Bergischen Kreis informiert.<\/p><\/div><\/div><\/div><\/div><\/div>\n","protected":false},"excerpt":{"rendered":"<p>Liebe Eltern, Besucher und Interessenten,auch wir verfolgen die aktuelle Lage zum Coronavirus. Mithilfe der KIKOM-Kita-App halten wir unsere Eltern diesbez\u00fcglich stets auf dem Laufenden. So m\u00f6chten wir dazu beitragen, dass es zu keinen Falschmitteilungen, Unsicherheiten oder Missverst\u00e4ndnissen kommt. Mittlerweile ver\u00f6ffentlichte<\/p>\n","protected":false},"author":1,"featured_media":1977,"comment_status":"closed","ping_status":"open","sticky":false,"template":"","format":"standard","meta":{"footnotes":""},"categories":[1],"tags":[],"class_list":["post-1918","post","type-post","status-publish","format-standard","has-post-thumbnail","hentry","category-uncategorized"],"_links":{"self":[{"href":"https:\/\/burscheid-sonnenblume.de\/index.php?rest_route=\/wp\/v2\/posts\/1918","targetHints":{"allow":["GET"]}}],"collection":[{"href":"https:\/\/burscheid-sonnenblume.de\/index.php?rest_route=\/wp\/v2\/posts"}],"about":[{"href":"https:\/\/burscheid-sonnenblume.de\/index.php?rest_route=\/wp\/v2\/types\/post"}],"author":[{"embeddable":true,"href":"https:\/\/burscheid-sonnenblume.de\/index.php?rest_route=\/wp\/v2\/users\/1"}],"replies":[{"embeddable":true,"href":"https:\/\/burscheid-sonnenblume.de\/index.php?rest_route=%2Fwp%2Fv2%2Fcomments&post=1918"}],"version-history":[{"count":59,"href":"https:\/\/burscheid-sonnenblume.de\/index.php?rest_route=\/wp\/v2\/posts\/1918\/revisions"}],"predecessor-version":[{"id":7876,"href":"https:\/\/burscheid-sonnenblume.de\/index.php?rest_route=\/wp\/v2\/posts\/1918\/revisions\/7876"}],"wp:featuredmedia":[{"embeddable":true,"href":"https:\/\/burscheid-sonnenblume.de\/index.php?rest_route=\/wp\/v2\/media\/1977"}],"wp:attachment":[{"href":"https:\/\/burscheid-sonnenblume.de\/index.php?rest_route=%2Fwp%2Fv2%2Fmedia&parent=1918"}],"wp:term":[{"taxonomy":"category","embeddable":true,"href":"https:\/\/burscheid-sonnenblume.de\/index.php?rest_route=%2Fwp%2Fv2%2Fcategories&post=1918"},{"taxonomy":"post_tag","embeddable":true,"href":"https:\/\/burscheid-sonnenblume.de\/index.php?rest_route=%2Fwp%2Fv2%2Ftags&post=1918"}],"curies":[{"name":"wp","href":"https:\/\/api.w.org\/{rel}","templated":true}]}}